{"id":17635,"date":"2023-11-17T10:47:05","date_gmt":"2023-11-17T09:47:05","guid":{"rendered":"https:\/\/www.bazzing.it\/?p=17635"},"modified":"2023-11-17T10:47:05","modified_gmt":"2023-11-17T09:47:05","slug":"uomini-e-donne-grave-lutto-per-il-noto-volto-del-porgramma","status":"publish","type":"post","link":"https:\/\/bazzing.it\/?p=17635","title":{"rendered":"&#8220;Uomini e Donne&#8221;, grave lutto per il noto volto del porgramma"},"content":{"rendered":"<p>Il mondo del popolare programma televisivo <em>&#8220;Uomini e Donne&#8221;<\/em> \u00e8 stato recentemente scosso da una notizia dolorosa. <em>Armando Incarnato<\/em>, figura emblematica del programma, ha condiviso con il suo vasto seguito di fan un momento di profondo dolore: la perdita di una persona cara. Il messaggio, diffuso attraverso le stories di Instagram, ha toccato il cuore di molti:<br \/>\n<em>&#8220;Tutto ha un inizio e tutto ha una fine. Tanto ci ritroveremo tutti l\u00ec, come in terra cos\u00ec in cielo ci saranno le differenze tra gli esseri umani e tu farai la differenza anche l\u00ec. Buon viaggio e tranquillo che troverai le porte aperte. Avvisa che se dovessi arrivare prima del previsto voglio il tappeto rosso&#8221;.<\/em><\/p>\n<h2>Un Mistero Non Svelato<\/h2>\n<p>Nonostante la chiarezza del dolore espresso, l&#8217;identit\u00e0 della persona scomparsa rimane un mistero. L&#8217;unico indizio lasciato da Incarnato \u00e8 una frase enigmatica: <em>&#8220;Ciao Boss\u2026&#8221;<\/em>. Questo dettaglio ha alimentato la curiosit\u00e0 e la speculazione tra i fan e i media, ma Incarnato ha scelto di mantenere la privacy su questo aspetto della sua vita personale.<\/p>\n<p><img fetchpriority=\"high\" decoding=\"async\" class=\"alignnone size-medium wp-image-17637\" src=\"http:\/\/www.bazzing.it\/wp-content\/uploads\/2023\/11\/Armando-Incarnato-20231116-TvPlay.it-1-1-300x170.jpg\" alt=\"\" width=\"300\" height=\"170\" srcset=\"https:\/\/bazzing.it\/wp-content\/uploads\/2023\/11\/Armando-Incarnato-20231116-TvPlay.it-1-1-300x170.jpg 300w, https:\/\/bazzing.it\/wp-content\/uploads\/2023\/11\/Armando-Incarnato-20231116-TvPlay.it-1-1-696x395.jpg 696w, https:\/\/bazzing.it\/wp-content\/uploads\/2023\/11\/Armando-Incarnato-20231116-TvPlay.it-1-1.jpg 740w\" sizes=\"(max-width: 300px) 100vw, 300px\" \/><\/p>\n<h2>Chi \u00e8 Armando Incarnato?<\/h2>\n<p>Per coloro che non seguono assiduamente &#8220;Uomini e Donne&#8221;, Armando Incarnato potrebbe non essere un nome familiare. Tuttavia, per gli appassionati del programma, \u00e8 una figura ben conosciuta e talvolta controversa. Prima di entrare nel mondo televisivo, Incarnato ha avuto un breve ruolo nella quarta stagione di &#8220;Gomorra \u2013 la serie&#8221;. Il suo vero successo \u00e8 arrivato con &#8220;Uomini e Donne&#8221;, dove si \u00e8 distinto come uno dei cavalieri pi\u00f9 discussi. Nonostante le numerose relazioni intrattenute nel programma, l&#8217;amore sembra averlo eluso, lasciando la sua ricerca sentimentale incompiuta.<\/p>\n<h3>Empatia e Sostegno dalla Comunit\u00e0<\/h3>\n<p>La notizia del lutto ha suscitato un&#8217;ondata di empatia e sostegno da parte della comunit\u00e0 di &#8220;Uomini e Donne&#8221;. I fan, attraverso i social media, hanno espresso il loro cordoglio e vicinanza a Incarnato in questo momento difficile. Questa reazione dimostra il legame speciale che si pu\u00f2 creare tra il pubblico e i protagonisti di programmi televisivi, soprattutto in momenti di condivisione di esperienze umane profonde come il lutto.<\/p>\n<p><img decoding=\"async\" class=\"alignnone size-medium wp-image-17639\" src=\"http:\/\/www.bazzing.it\/wp-content\/uploads\/2023\/11\/Armando-Incarnato-Romait.it_-300x177.jpg\" alt=\"\" width=\"300\" height=\"177\" srcset=\"https:\/\/bazzing.it\/wp-content\/uploads\/2023\/11\/Armando-Incarnato-Romait.it_-300x177.jpg 300w, https:\/\/bazzing.it\/wp-content\/uploads\/2023\/11\/Armando-Incarnato-Romait.it_-1024x606.jpg 1024w, https:\/\/bazzing.it\/wp-content\/uploads\/2023\/11\/Armando-Incarnato-Romait.it_-768x454.jpg 768w, https:\/\/bazzing.it\/wp-content\/uploads\/2023\/11\/Armando-Incarnato-Romait.it_-696x412.jpg 696w, https:\/\/bazzing.it\/wp-content\/uploads\/2023\/11\/Armando-Incarnato-Romait.it_-1068x632.jpg 1068w, https:\/\/bazzing.it\/wp-content\/uploads\/2023\/11\/Armando-Incarnato-Romait.it_-710x420.jpg 710w, https:\/\/bazzing.it\/wp-content\/uploads\/2023\/11\/Armando-Incarnato-Romait.it_.jpg 1280w\" sizes=\"(max-width: 300px) 100vw, 300px\" \/><\/p>\n<h3>La Vita dopo il Lutto<\/h3>\n<p>Nonostante il dolore, la vita professionale di Incarnato continua. \u00c8 previsto il suo ritorno in &#8220;Uomini e Donne&#8221;, dove sicuramente porter\u00e0 nuove dinamiche e forse nuove storie d&#8217;amore. Il suo ritorno \u00e8 atteso sia dai fan che dai colleghi, pronti ad accoglierlo nuovamente nel calore dello studio televisivo.<\/p>\n<h3><strong>Un Viaggio Emotivo<\/strong><\/h3>\n<p>La storia di Armando Incarnato e del suo recente lutto \u00e8 un esempio di come la vita personale delle figure pubbliche possa toccare e influenzare il pubblico. Il suo viaggio emotivo, condiviso apertamente, ci ricorda che dietro ogni personaggio televisivo c&#8217;\u00e8 una persona reale, con le sue gioie e i suoi dolori. La sua esperienza ci invita a riflettere sulla natura effimera della vita e sull&#8217;importanza di esprimere empatia e sostegno nei confronti di chi sta attraversando momenti difficili.<\/p>\n","protected":false},"excerpt":{"rendered":"<p>Il mondo del popolare programma televisivo &#8220;Uomini e Donne&#8221; \u00e8 stato recentemente scosso da una notizia dolorosa. Armando Incarnato, figura emblematica del programma, ha condiviso con il suo vasto seguito di fan un momento di profondo dolore: la perdita di una persona cara. Il messaggio, diffuso attraverso le stories di Instagram, ha toccato il cuore [&hellip;]<\/p>\n","protected":false},"author":62,"featured_media":17638,"comment_status":"open","ping_status":"closed","sticky":false,"template":"","format":"standard","meta":{"_monsterinsights_skip_tracking":false,"_monsterinsights_sitenote_active":false,"_monsterinsights_sitenote_note":"","_monsterinsights_sitenote_category":0,"footnotes":""},"categories":[59,69,72],"tags":[],"class_list":["post-17635","post","type-post","status-publish","format-standard","has-post-thumbnail","hentry","category-attualita","category-comunicati-stampa","category-intrattenimento-comunicati-stampa"],"yoast_head":"<!-- This site is optimized with the Yoast SEO plugin v27.3 - https:\/\/yoast.com\/product\/yoast-seo-wordpress\/ -->\n<title>&quot;Uomini e Donne&quot;, grave lutto per il noto volto del porgramma - Bazzing<\/title>\n<meta name=\"description\" content=\"Grave lutto a Uomini e Donne. La situazione rimane riservata, nel pieno rispetto della privacy ma esce una storia Instagram.\" \/>\n<meta name=\"robots\" content=\"index, follow, max-snippet:-1, max-image-preview:large, max-video-preview:-1\" \/>\n<link rel=\"canonical\" href=\"https:\/\/bazzing.it\/?p=17635\" \/>\n<meta property=\"og:locale\" content=\"it_IT\" \/>\n<meta property=\"og:type\" content=\"article\" \/>\n<meta property=\"og:title\" content=\"\u201cUomini e Donne\u201d, grave lutto per il noto volto del porgramma\" \/>\n<meta property=\"og:description\" content=\"\ud83d\udc94\ud83d\ude4f Tragico lutto per l\u2019ex volto di Uomini e Donne: il doloroso annuncio \u00e8 proprio lui a darlo, \u00e8 m\u2026Altro\u2026\" \/>\n<meta property=\"og:url\" content=\"https:\/\/bazzing.it\/?p=17635\" \/>\n<meta property=\"og:site_name\" content=\"Bazzing\" \/>\n<meta property=\"article:publisher\" content=\"https:\/\/www.facebook.com\/Bazzing-2292086231012702\/\" \/>\n<meta property=\"article:published_time\" content=\"2023-11-17T09:47:05+00:00\" \/>\n<meta property=\"og:image\" content=\"https:\/\/bazzing.it\/wp-content\/uploads\/2023\/11\/402283867_779585947547538_1356191585493589680_n.jpg\" \/>\n\t<meta property=\"og:image:width\" content=\"1080\" \/>\n\t<meta property=\"og:image:height\" content=\"961\" \/>\n\t<meta property=\"og:image:type\" content=\"image\/jpeg\" \/>\n<meta name=\"author\" content=\"Simone\" \/>\n<meta name=\"twitter:card\" content=\"summary_large_image\" \/>\n<meta name=\"twitter:label1\" content=\"Scritto da\" \/>\n\t<meta name=\"twitter:data1\" content=\"Simone\" \/>\n\t<meta name=\"twitter:label2\" content=\"Tempo di lettura stimato\" \/>\n\t<meta name=\"twitter:data2\" content=\"3 minuti\" \/>\n<script type=\"application\/ld+json\" class=\"yoast-schema-graph\">{\"@context\":\"https:\\\/\\\/schema.org\",\"@graph\":[{\"@type\":\"Article\",\"@id\":\"https:\\\/\\\/bazzing.it\\\/?p=17635#article\",\"isPartOf\":{\"@id\":\"https:\\\/\\\/bazzing.it\\\/?p=17635\"},\"author\":{\"name\":\"Simone\",\"@id\":\"https:\\\/\\\/bazzing.it\\\/#\\\/schema\\\/person\\\/6d4820d51e327fd66932d79d533510de\"},\"headline\":\"&#8220;Uomini e Donne&#8221;, grave lutto per il noto volto del porgramma\",\"datePublished\":\"2023-11-17T09:47:05+00:00\",\"mainEntityOfPage\":{\"@id\":\"https:\\\/\\\/bazzing.it\\\/?p=17635\"},\"wordCount\":479,\"commentCount\":0,\"publisher\":{\"@id\":\"https:\\\/\\\/bazzing.it\\\/#organization\"},\"image\":{\"@id\":\"https:\\\/\\\/bazzing.it\\\/?p=17635#primaryimage\"},\"thumbnailUrl\":\"https:\\\/\\\/bazzing.it\\\/wp-content\\\/uploads\\\/2023\\\/11\\\/uomini-e-donne-lutto-1024x578-1.webp\",\"articleSection\":[\"Attualit\u00e0\",\"Comunicati Stampa\",\"Intrattenimento\"],\"inLanguage\":\"it-IT\",\"potentialAction\":[{\"@type\":\"CommentAction\",\"name\":\"Comment\",\"target\":[\"https:\\\/\\\/bazzing.it\\\/?p=17635#respond\"]}]},{\"@type\":\"WebPage\",\"@id\":\"https:\\\/\\\/bazzing.it\\\/?p=17635\",\"url\":\"https:\\\/\\\/bazzing.it\\\/?p=17635\",\"name\":\"\\\"Uomini e Donne\\\", grave lutto per il noto volto del porgramma - Bazzing\",\"isPartOf\":{\"@id\":\"https:\\\/\\\/bazzing.it\\\/#website\"},\"primaryImageOfPage\":{\"@id\":\"https:\\\/\\\/bazzing.it\\\/?p=17635#primaryimage\"},\"image\":{\"@id\":\"https:\\\/\\\/bazzing.it\\\/?p=17635#primaryimage\"},\"thumbnailUrl\":\"https:\\\/\\\/bazzing.it\\\/wp-content\\\/uploads\\\/2023\\\/11\\\/uomini-e-donne-lutto-1024x578-1.webp\",\"datePublished\":\"2023-11-17T09:47:05+00:00\",\"description\":\"Grave lutto a Uomini e Donne. La situazione rimane riservata, nel pieno rispetto della privacy ma esce una storia Instagram.\",\"breadcrumb\":{\"@id\":\"https:\\\/\\\/bazzing.it\\\/?p=17635#breadcrumb\"},\"inLanguage\":\"it-IT\",\"potentialAction\":[{\"@type\":\"ReadAction\",\"target\":[\"https:\\\/\\\/bazzing.it\\\/?p=17635\"]}]},{\"@type\":\"ImageObject\",\"inLanguage\":\"it-IT\",\"@id\":\"https:\\\/\\\/bazzing.it\\\/?p=17635#primaryimage\",\"url\":\"https:\\\/\\\/bazzing.it\\\/wp-content\\\/uploads\\\/2023\\\/11\\\/uomini-e-donne-lutto-1024x578-1.webp\",\"contentUrl\":\"https:\\\/\\\/bazzing.it\\\/wp-content\\\/uploads\\\/2023\\\/11\\\/uomini-e-donne-lutto-1024x578-1.webp\",\"width\":1024,\"height\":578},{\"@type\":\"BreadcrumbList\",\"@id\":\"https:\\\/\\\/bazzing.it\\\/?p=17635#breadcrumb\",\"itemListElement\":[{\"@type\":\"ListItem\",\"position\":1,\"name\":\"Home\",\"item\":\"https:\\\/\\\/bazzing.it\\\/\"},{\"@type\":\"ListItem\",\"position\":2,\"name\":\"&#8220;Uomini e Donne&#8221;, grave lutto per il noto volto del porgramma\"}]},{\"@type\":\"WebSite\",\"@id\":\"https:\\\/\\\/bazzing.it\\\/#website\",\"url\":\"https:\\\/\\\/bazzing.it\\\/\",\"name\":\"Bazzing\",\"description\":\"Divulga le tue news, comunicati stampa e informazioni\",\"publisher\":{\"@id\":\"https:\\\/\\\/bazzing.it\\\/#organization\"},\"potentialAction\":[{\"@type\":\"SearchAction\",\"target\":{\"@type\":\"EntryPoint\",\"urlTemplate\":\"https:\\\/\\\/bazzing.it\\\/?s={search_term_string}\"},\"query-input\":{\"@type\":\"PropertyValueSpecification\",\"valueRequired\":true,\"valueName\":\"search_term_string\"}}],\"inLanguage\":\"it-IT\"},{\"@type\":\"Organization\",\"@id\":\"https:\\\/\\\/bazzing.it\\\/#organization\",\"name\":\"Bazzing\",\"url\":\"https:\\\/\\\/bazzing.it\\\/\",\"logo\":{\"@type\":\"ImageObject\",\"inLanguage\":\"it-IT\",\"@id\":\"https:\\\/\\\/bazzing.it\\\/#\\\/schema\\\/logo\\\/image\\\/\",\"url\":\"https:\\\/\\\/bazzing.it\\\/wp-content\\\/uploads\\\/2019\\\/05\\\/logo_transparent.png\",\"contentUrl\":\"https:\\\/\\\/bazzing.it\\\/wp-content\\\/uploads\\\/2019\\\/05\\\/logo_transparent.png\",\"width\":1200,\"height\":1200,\"caption\":\"Bazzing\"},\"image\":{\"@id\":\"https:\\\/\\\/bazzing.it\\\/#\\\/schema\\\/logo\\\/image\\\/\"},\"sameAs\":[\"https:\\\/\\\/www.facebook.com\\\/Bazzing-2292086231012702\\\/\",\"https:\\\/\\\/www.instagram.com\\\/bazzing.it\\\/\"]},{\"@type\":\"Person\",\"@id\":\"https:\\\/\\\/bazzing.it\\\/#\\\/schema\\\/person\\\/6d4820d51e327fd66932d79d533510de\",\"name\":\"Simone\",\"image\":{\"@type\":\"ImageObject\",\"inLanguage\":\"it-IT\",\"@id\":\"https:\\\/\\\/secure.gravatar.com\\\/avatar\\\/732052504ad1fca89e63710f32a07986d0c361cea4d2c20386c7ab9cc1a0276e?s=96&d=mm&r=g\",\"url\":\"https:\\\/\\\/secure.gravatar.com\\\/avatar\\\/732052504ad1fca89e63710f32a07986d0c361cea4d2c20386c7ab9cc1a0276e?s=96&d=mm&r=g\",\"contentUrl\":\"https:\\\/\\\/secure.gravatar.com\\\/avatar\\\/732052504ad1fca89e63710f32a07986d0c361cea4d2c20386c7ab9cc1a0276e?s=96&d=mm&r=g\",\"caption\":\"Simone\"},\"url\":\"https:\\\/\\\/bazzing.it\\\/?author=62\"}]}<\/script>\n<!-- \/ Yoast SEO plugin. -->","yoast_head_json":{"title":"\"Uomini e Donne\", grave lutto per il noto volto del porgramma - Bazzing","description":"Grave lutto a Uomini e Donne. La situazione rimane riservata, nel pieno rispetto della privacy ma esce una storia Instagram.","robots":{"index":"index","follow":"follow","max-snippet":"max-snippet:-1","max-image-preview":"max-image-preview:large","max-video-preview":"max-video-preview:-1"},"canonical":"https:\/\/bazzing.it\/?p=17635","og_locale":"it_IT","og_type":"article","og_title":"\u201cUomini e Donne\u201d, grave lutto per il noto volto del porgramma","og_description":"\ud83d\udc94\ud83d\ude4f Tragico lutto per l\u2019ex volto di Uomini e Donne: il doloroso annuncio \u00e8 proprio lui a darlo, \u00e8 m\u2026Altro\u2026","og_url":"https:\/\/bazzing.it\/?p=17635","og_site_name":"Bazzing","article_publisher":"https:\/\/www.facebook.com\/Bazzing-2292086231012702\/","article_published_time":"2023-11-17T09:47:05+00:00","og_image":[{"width":1080,"height":961,"url":"https:\/\/bazzing.it\/wp-content\/uploads\/2023\/11\/402283867_779585947547538_1356191585493589680_n.jpg","type":"image\/jpeg"}],"author":"Simone","twitter_card":"summary_large_image","twitter_misc":{"Scritto da":"Simone","Tempo di lettura stimato":"3 minuti"},"schema":{"@context":"https:\/\/schema.org","@graph":[{"@type":"Article","@id":"https:\/\/bazzing.it\/?p=17635#article","isPartOf":{"@id":"https:\/\/bazzing.it\/?p=17635"},"author":{"name":"Simone","@id":"https:\/\/bazzing.it\/#\/schema\/person\/6d4820d51e327fd66932d79d533510de"},"headline":"&#8220;Uomini e Donne&#8221;, grave lutto per il noto volto del porgramma","datePublished":"2023-11-17T09:47:05+00:00","mainEntityOfPage":{"@id":"https:\/\/bazzing.it\/?p=17635"},"wordCount":479,"commentCount":0,"publisher":{"@id":"https:\/\/bazzing.it\/#organization"},"image":{"@id":"https:\/\/bazzing.it\/?p=17635#primaryimage"},"thumbnailUrl":"https:\/\/bazzing.it\/wp-content\/uploads\/2023\/11\/uomini-e-donne-lutto-1024x578-1.webp","articleSection":["Attualit\u00e0","Comunicati Stampa","Intrattenimento"],"inLanguage":"it-IT","potentialAction":[{"@type":"CommentAction","name":"Comment","target":["https:\/\/bazzing.it\/?p=17635#respond"]}]},{"@type":"WebPage","@id":"https:\/\/bazzing.it\/?p=17635","url":"https:\/\/bazzing.it\/?p=17635","name":"\"Uomini e Donne\", grave lutto per il noto volto del porgramma - Bazzing","isPartOf":{"@id":"https:\/\/bazzing.it\/#website"},"primaryImageOfPage":{"@id":"https:\/\/bazzing.it\/?p=17635#primaryimage"},"image":{"@id":"https:\/\/bazzing.it\/?p=17635#primaryimage"},"thumbnailUrl":"https:\/\/bazzing.it\/wp-content\/uploads\/2023\/11\/uomini-e-donne-lutto-1024x578-1.webp","datePublished":"2023-11-17T09:47:05+00:00","description":"Grave lutto a Uomini e Donne. La situazione rimane riservata, nel pieno rispetto della privacy ma esce una storia Instagram.","breadcrumb":{"@id":"https:\/\/bazzing.it\/?p=17635#breadcrumb"},"inLanguage":"it-IT","potentialAction":[{"@type":"ReadAction","target":["https:\/\/bazzing.it\/?p=17635"]}]},{"@type":"ImageObject","inLanguage":"it-IT","@id":"https:\/\/bazzing.it\/?p=17635#primaryimage","url":"https:\/\/bazzing.it\/wp-content\/uploads\/2023\/11\/uomini-e-donne-lutto-1024x578-1.webp","contentUrl":"https:\/\/bazzing.it\/wp-content\/uploads\/2023\/11\/uomini-e-donne-lutto-1024x578-1.webp","width":1024,"height":578},{"@type":"BreadcrumbList","@id":"https:\/\/bazzing.it\/?p=17635#breadcrumb","itemListElement":[{"@type":"ListItem","position":1,"name":"Home","item":"https:\/\/bazzing.it\/"},{"@type":"ListItem","position":2,"name":"&#8220;Uomini e Donne&#8221;, grave lutto per il noto volto del porgramma"}]},{"@type":"WebSite","@id":"https:\/\/bazzing.it\/#website","url":"https:\/\/bazzing.it\/","name":"Bazzing","description":"Divulga le tue news, comunicati stampa e informazioni","publisher":{"@id":"https:\/\/bazzing.it\/#organization"},"potentialAction":[{"@type":"SearchAction","target":{"@type":"EntryPoint","urlTemplate":"https:\/\/bazzing.it\/?s={search_term_string}"},"query-input":{"@type":"PropertyValueSpecification","valueRequired":true,"valueName":"search_term_string"}}],"inLanguage":"it-IT"},{"@type":"Organization","@id":"https:\/\/bazzing.it\/#organization","name":"Bazzing","url":"https:\/\/bazzing.it\/","logo":{"@type":"ImageObject","inLanguage":"it-IT","@id":"https:\/\/bazzing.it\/#\/schema\/logo\/image\/","url":"https:\/\/bazzing.it\/wp-content\/uploads\/2019\/05\/logo_transparent.png","contentUrl":"https:\/\/bazzing.it\/wp-content\/uploads\/2019\/05\/logo_transparent.png","width":1200,"height":1200,"caption":"Bazzing"},"image":{"@id":"https:\/\/bazzing.it\/#\/schema\/logo\/image\/"},"sameAs":["https:\/\/www.facebook.com\/Bazzing-2292086231012702\/","https:\/\/www.instagram.com\/bazzing.it\/"]},{"@type":"Person","@id":"https:\/\/bazzing.it\/#\/schema\/person\/6d4820d51e327fd66932d79d533510de","name":"Simone","image":{"@type":"ImageObject","inLanguage":"it-IT","@id":"https:\/\/secure.gravatar.com\/avatar\/732052504ad1fca89e63710f32a07986d0c361cea4d2c20386c7ab9cc1a0276e?s=96&d=mm&r=g","url":"https:\/\/secure.gravatar.com\/avatar\/732052504ad1fca89e63710f32a07986d0c361cea4d2c20386c7ab9cc1a0276e?s=96&d=mm&r=g","contentUrl":"https:\/\/secure.gravatar.com\/avatar\/732052504ad1fca89e63710f32a07986d0c361cea4d2c20386c7ab9cc1a0276e?s=96&d=mm&r=g","caption":"Simone"},"url":"https:\/\/bazzing.it\/?author=62"}]}},"_links":{"self":[{"href":"https:\/\/bazzing.it\/index.php?rest_route=\/wp\/v2\/posts\/17635","targetHints":{"allow":["GET"]}}],"collection":[{"href":"https:\/\/bazzing.it\/index.php?rest_route=\/wp\/v2\/posts"}],"about":[{"href":"https:\/\/bazzing.it\/index.php?rest_route=\/wp\/v2\/types\/post"}],"author":[{"embeddable":true,"href":"https:\/\/bazzing.it\/index.php?rest_route=\/wp\/v2\/users\/62"}],"replies":[{"embeddable":true,"href":"https:\/\/bazzing.it\/index.php?rest_route=%2Fwp%2Fv2%2Fcomments&post=17635"}],"version-history":[{"count":1,"href":"https:\/\/bazzing.it\/index.php?rest_route=\/wp\/v2\/posts\/17635\/revisions"}],"predecessor-version":[{"id":17640,"href":"https:\/\/bazzing.it\/index.php?rest_route=\/wp\/v2\/posts\/17635\/revisions\/17640"}],"wp:featuredmedia":[{"embeddable":true,"href":"https:\/\/bazzing.it\/index.php?rest_route=\/wp\/v2\/media\/17638"}],"wp:attachment":[{"href":"https:\/\/bazzing.it\/index.php?rest_route=%2Fwp%2Fv2%2Fmedia&parent=17635"}],"wp:term":[{"taxonomy":"category","embeddable":true,"href":"https:\/\/bazzing.it\/index.php?rest_route=%2Fwp%2Fv2%2Fcategories&post=17635"},{"taxonomy":"post_tag","embeddable":true,"href":"https:\/\/bazzing.it\/index.php?rest_route=%2Fwp%2Fv2%2Ftags&post=17635"}],"curies":[{"name":"wp","href":"https:\/\/api.w.org\/{rel}","templated":true}]}}