{"id":17655,"date":"2023-11-19T22:58:28","date_gmt":"2023-11-19T21:58:28","guid":{"rendered":"https:\/\/www.bazzing.it\/?p=17655"},"modified":"2023-11-19T22:58:28","modified_gmt":"2023-11-19T21:58:28","slug":"giulia-cecchettin-il-drammatico-video-del-padre-dopo-la-notizia-della-morte","status":"publish","type":"post","link":"https:\/\/bazzing.it\/?p=17655","title":{"rendered":"Giulia Cecchettin, il drammatico video del padre dopo la notizia della morte"},"content":{"rendered":"<p>La tragica storia di Giulia Cecchettin, la giovane di 22 anni scomparsa da Vigonovo, ha toccato il cuore di molti. Il suo corpo \u00e8 stato ritrovato nella zona di Barcis, in provincia di Pordenone, segnando un tragico epilogo. Questo articolo esplora gli eventi che hanno portato alla scoperta del corpo di Giulia e la reazione del suo padre, Gino Cecchettin.<\/p>\n<h4>La Scomparsa e il Ritrovamento<\/h4>\n<p>Giulia Cecchettin \u00e8 scomparsa insieme al suo ex, Filippo Turetta. Mentre Turetta \u00e8 ancora disperso, un mandato di cattura internazionale \u00e8 stato emesso a suo carico. La conferma della morte di Giulia \u00e8 arrivata dopo il ritrovamento del suo corpo in un canale nella zona di Barcis. Questo momento ha segnato una svolta drammatica nella ricerca, trasformando una speranza di ritrovamento in un lutto collettivo.<\/p>\n<p><img fetchpriority=\"high\" decoding=\"async\" class=\"alignnone size-medium wp-image-17657\" src=\"http:\/\/www.bazzing.it\/wp-content\/uploads\/2023\/11\/Screenshot-2023-11-19-225557-300x167.png\" alt=\"\" width=\"300\" height=\"167\" srcset=\"https:\/\/bazzing.it\/wp-content\/uploads\/2023\/11\/Screenshot-2023-11-19-225557-300x167.png 300w, https:\/\/bazzing.it\/wp-content\/uploads\/2023\/11\/Screenshot-2023-11-19-225557-768x427.png 768w, https:\/\/bazzing.it\/wp-content\/uploads\/2023\/11\/Screenshot-2023-11-19-225557-696x385.png 696w, https:\/\/bazzing.it\/wp-content\/uploads\/2023\/11\/Screenshot-2023-11-19-225557-755x420.png 755w, https:\/\/bazzing.it\/wp-content\/uploads\/2023\/11\/Screenshot-2023-11-19-225557.png 804w\" sizes=\"(max-width: 300px) 100vw, 300px\" \/><\/p>\n<h4>Il Video del Padre<\/h4>\n<p>Il padre di Giulia, Gino Cecchettin, ha espresso il suo dolore ai microfoni dei giornalisti. Nel filmato, si vede Gino uscire dalla sua abitazione a Vigonovo, dirigendosi verso l&#8217;auto dei carabinieri.<br \/>\nIl padre di Giulia, ha lanciato quest&#8217;appello a gran voce:<\/p>\n<p><em>&#8220;Siamo qui perch\u00e9 volevamo dare un messaggio e vogliamo guardare al futuro, perch\u00e9 Giulia non torner\u00e0. <\/em><br \/>\n<em>Abbiamo tanta strada da fare, da questa vicenda deve nascere qualcosa. Come famiglia ci impegneremo perch\u00e9 non succeda pi\u00f9 quello che \u00e8 successo a Giulia. E a tutte le donne: denunciate, perch\u00e9 \u00e8 l&#8217;unico modo per avere salva la vita&#8221;.<\/em><\/p>\n<p>Queste parole mostrando il dolore incommensurabile di un genitore di fronte alla perdita della propria figlia.<\/p>\n<blockquote class=\"twitter-tweet\">\n<p dir=\"ltr\" lang=\"it\"><a href=\"https:\/\/twitter.com\/hashtag\/VIGONOVO?src=hash&amp;ref_src=twsrc%5Etfw\">#VIGONOVO<\/a> \u2022 Migliaia di luci per <a href=\"https:\/\/twitter.com\/hashtag\/Giulia?src=hash&amp;ref_src=twsrc%5Etfw\">#Giulia<\/a>.<\/p>\n<p>Migliaia di persone stasera per dire mai pi\u00f9.<\/p>\n<p>La nostra comunit\u00e0 si stringe attorno alla famiglia di Giulia.<a href=\"https:\/\/twitter.com\/hashtag\/giuliacecchettin?src=hash&amp;ref_src=twsrc%5Etfw\">#giuliacecchettin<\/a> <a href=\"https:\/\/t.co\/qw1qngxEdq\">pic.twitter.com\/qw1qngxEdq<\/a><\/p>\n<p>\u2014 Simone Venturini (@SimonVenturini) <a href=\"https:\/\/twitter.com\/SimonVenturini\/status\/1726314978188431669?ref_src=twsrc%5Etfw\">November 19, 2023<\/a><\/p><\/blockquote>\n<p><script async src=\"https:\/\/platform.twitter.com\/widgets.js\" charset=\"utf-8\"><\/script><\/p>\n<h4>La Comunit\u00e0 in Lutto<\/h4>\n<p>La comunit\u00e0 di Vigonovo e dintorni si \u00e8 stretta attorno alla famiglia Cecchettin. La notizia della morte di Giulia ha lasciato un vuoto in tutti coloro che la conoscevano e anche in chi ha seguito la sua storia. La solidariet\u00e0 mostrata \u00e8 un esempio di come una comunit\u00e0 possa unirsi nel dolore.<\/p>\n<h4>Riflessioni Finali<\/h4>\n<p>La storia di Giulia Cecchettin \u00e8 un triste promemoria della fragilit\u00e0 della vita e dell&#8217;impatto che la scomparsa di una persona pu\u00f2 avere su una comunit\u00e0 intera. Mentre il dolore del padre e della famiglia \u00e8 inimmaginabile, la loro forza nel fronteggiare questa tragedia \u00e8 un esempio di coraggio e resilienza.<\/p>\n","protected":false},"excerpt":{"rendered":"<p>La tragica storia di Giulia Cecchettin, la giovane di 22 anni scomparsa da Vigonovo, ha toccato il cuore di molti. Il suo corpo \u00e8 stato ritrovato nella zona di Barcis, in provincia di Pordenone, segnando un tragico epilogo. Questo articolo esplora gli eventi che hanno portato alla scoperta del corpo di Giulia e la reazione [&hellip;]<\/p>\n","protected":false},"author":62,"featured_media":17658,"comment_status":"open","ping_status":"closed","sticky":false,"template":"","format":"standard","meta":{"_monsterinsights_skip_tracking":false,"_monsterinsights_sitenote_active":false,"_monsterinsights_sitenote_note":"","_monsterinsights_sitenote_category":0,"footnotes":""},"categories":[70,59,60],"tags":[],"class_list":["post-17655","post","type-post","status-publish","format-standard","has-post-thumbnail","hentry","category-attualita-comunicati-stampa","category-attualita","category-societa"],"yoast_head":"<!-- This site is optimized with the Yoast SEO plugin v27.3 - https:\/\/yoast.com\/product\/yoast-seo-wordpress\/ -->\n<title>Giulia Cecchettin, il drammatico video del padre dopo la notizia della morte - Bazzing<\/title>\n<meta name=\"description\" content=\"Ecco le strazianti parole di Gino Cecchettin, padre di Giulia, dopo la scoperta dell&#039;uccisione di sua figlia.\" \/>\n<meta name=\"robots\" content=\"index, follow, max-snippet:-1, max-image-preview:large, max-video-preview:-1\" \/>\n<link rel=\"canonical\" href=\"https:\/\/bazzing.it\/?p=17655\" \/>\n<meta property=\"og:locale\" content=\"it_IT\" \/>\n<meta property=\"og:type\" content=\"article\" \/>\n<meta property=\"og:title\" content=\"Giulia Cecchettin, il drammatico video del padre dopo la notizia della morte\" \/>\n<meta property=\"og:description\" content=\"\ud83d\udc94\ud83d\ude2d Giulia Cecchettin, il drammatico video del padre dopo la notizia della morte, \u00e8\u2026Altro...\" \/>\n<meta property=\"og:url\" content=\"https:\/\/bazzing.it\/?p=17655\" \/>\n<meta property=\"og:site_name\" content=\"Bazzing\" \/>\n<meta property=\"article:publisher\" content=\"https:\/\/www.facebook.com\/Bazzing-2292086231012702\/\" \/>\n<meta property=\"article:published_time\" content=\"2023-11-19T21:58:28+00:00\" \/>\n<meta property=\"og:image\" content=\"https:\/\/bazzing.it\/wp-content\/uploads\/2023\/11\/402636234_781040537402079_537067561548672411_n.jpg\" \/>\n\t<meta property=\"og:image:width\" content=\"1080\" \/>\n\t<meta property=\"og:image:height\" content=\"1080\" \/>\n\t<meta property=\"og:image:type\" content=\"image\/jpeg\" \/>\n<meta name=\"author\" content=\"Simone\" \/>\n<meta name=\"twitter:card\" content=\"summary_large_image\" \/>\n<meta name=\"twitter:label1\" content=\"Scritto da\" \/>\n\t<meta name=\"twitter:data1\" content=\"Simone\" \/>\n\t<meta name=\"twitter:label2\" content=\"Tempo di lettura stimato\" \/>\n\t<meta name=\"twitter:data2\" content=\"3 minuti\" \/>\n<script type=\"application\/ld+json\" class=\"yoast-schema-graph\">{\"@context\":\"https:\\\/\\\/schema.org\",\"@graph\":[{\"@type\":\"Article\",\"@id\":\"https:\\\/\\\/bazzing.it\\\/?p=17655#article\",\"isPartOf\":{\"@id\":\"https:\\\/\\\/bazzing.it\\\/?p=17655\"},\"author\":{\"name\":\"Simone\",\"@id\":\"https:\\\/\\\/bazzing.it\\\/#\\\/schema\\\/person\\\/6d4820d51e327fd66932d79d533510de\"},\"headline\":\"Giulia Cecchettin, il drammatico video del padre dopo la notizia della morte\",\"datePublished\":\"2023-11-19T21:58:28+00:00\",\"mainEntityOfPage\":{\"@id\":\"https:\\\/\\\/bazzing.it\\\/?p=17655\"},\"wordCount\":393,\"commentCount\":0,\"publisher\":{\"@id\":\"https:\\\/\\\/bazzing.it\\\/#organization\"},\"image\":{\"@id\":\"https:\\\/\\\/bazzing.it\\\/?p=17655#primaryimage\"},\"thumbnailUrl\":\"https:\\\/\\\/bazzing.it\\\/wp-content\\\/uploads\\\/2023\\\/11\\\/Screenshot-2023-11-19-225614.png\",\"articleSection\":[\"Attualit\u00e0\",\"Attualit\u00e0\",\"Societ\u00e0\"],\"inLanguage\":\"it-IT\",\"potentialAction\":[{\"@type\":\"CommentAction\",\"name\":\"Comment\",\"target\":[\"https:\\\/\\\/bazzing.it\\\/?p=17655#respond\"]}]},{\"@type\":\"WebPage\",\"@id\":\"https:\\\/\\\/bazzing.it\\\/?p=17655\",\"url\":\"https:\\\/\\\/bazzing.it\\\/?p=17655\",\"name\":\"Giulia Cecchettin, il drammatico video del padre dopo la notizia della morte - Bazzing\",\"isPartOf\":{\"@id\":\"https:\\\/\\\/bazzing.it\\\/#website\"},\"primaryImageOfPage\":{\"@id\":\"https:\\\/\\\/bazzing.it\\\/?p=17655#primaryimage\"},\"image\":{\"@id\":\"https:\\\/\\\/bazzing.it\\\/?p=17655#primaryimage\"},\"thumbnailUrl\":\"https:\\\/\\\/bazzing.it\\\/wp-content\\\/uploads\\\/2023\\\/11\\\/Screenshot-2023-11-19-225614.png\",\"datePublished\":\"2023-11-19T21:58:28+00:00\",\"description\":\"Ecco le strazianti parole di Gino Cecchettin, padre di Giulia, dopo la scoperta dell'uccisione di sua figlia.\",\"breadcrumb\":{\"@id\":\"https:\\\/\\\/bazzing.it\\\/?p=17655#breadcrumb\"},\"inLanguage\":\"it-IT\",\"potentialAction\":[{\"@type\":\"ReadAction\",\"target\":[\"https:\\\/\\\/bazzing.it\\\/?p=17655\"]}]},{\"@type\":\"ImageObject\",\"inLanguage\":\"it-IT\",\"@id\":\"https:\\\/\\\/bazzing.it\\\/?p=17655#primaryimage\",\"url\":\"https:\\\/\\\/bazzing.it\\\/wp-content\\\/uploads\\\/2023\\\/11\\\/Screenshot-2023-11-19-225614.png\",\"contentUrl\":\"https:\\\/\\\/bazzing.it\\\/wp-content\\\/uploads\\\/2023\\\/11\\\/Screenshot-2023-11-19-225614.png\",\"width\":799,\"height\":446},{\"@type\":\"BreadcrumbList\",\"@id\":\"https:\\\/\\\/bazzing.it\\\/?p=17655#breadcrumb\",\"itemListElement\":[{\"@type\":\"ListItem\",\"position\":1,\"name\":\"Home\",\"item\":\"https:\\\/\\\/bazzing.it\\\/\"},{\"@type\":\"ListItem\",\"position\":2,\"name\":\"Giulia Cecchettin, il drammatico video del padre dopo la notizia della morte\"}]},{\"@type\":\"WebSite\",\"@id\":\"https:\\\/\\\/bazzing.it\\\/#website\",\"url\":\"https:\\\/\\\/bazzing.it\\\/\",\"name\":\"Bazzing\",\"description\":\"Divulga le tue news, comunicati stampa e informazioni\",\"publisher\":{\"@id\":\"https:\\\/\\\/bazzing.it\\\/#organization\"},\"potentialAction\":[{\"@type\":\"SearchAction\",\"target\":{\"@type\":\"EntryPoint\",\"urlTemplate\":\"https:\\\/\\\/bazzing.it\\\/?s={search_term_string}\"},\"query-input\":{\"@type\":\"PropertyValueSpecification\",\"valueRequired\":true,\"valueName\":\"search_term_string\"}}],\"inLanguage\":\"it-IT\"},{\"@type\":\"Organization\",\"@id\":\"https:\\\/\\\/bazzing.it\\\/#organization\",\"name\":\"Bazzing\",\"url\":\"https:\\\/\\\/bazzing.it\\\/\",\"logo\":{\"@type\":\"ImageObject\",\"inLanguage\":\"it-IT\",\"@id\":\"https:\\\/\\\/bazzing.it\\\/#\\\/schema\\\/logo\\\/image\\\/\",\"url\":\"https:\\\/\\\/bazzing.it\\\/wp-content\\\/uploads\\\/2019\\\/05\\\/logo_transparent.png\",\"contentUrl\":\"https:\\\/\\\/bazzing.it\\\/wp-content\\\/uploads\\\/2019\\\/05\\\/logo_transparent.png\",\"width\":1200,\"height\":1200,\"caption\":\"Bazzing\"},\"image\":{\"@id\":\"https:\\\/\\\/bazzing.it\\\/#\\\/schema\\\/logo\\\/image\\\/\"},\"sameAs\":[\"https:\\\/\\\/www.facebook.com\\\/Bazzing-2292086231012702\\\/\",\"https:\\\/\\\/www.instagram.com\\\/bazzing.it\\\/\"]},{\"@type\":\"Person\",\"@id\":\"https:\\\/\\\/bazzing.it\\\/#\\\/schema\\\/person\\\/6d4820d51e327fd66932d79d533510de\",\"name\":\"Simone\",\"image\":{\"@type\":\"ImageObject\",\"inLanguage\":\"it-IT\",\"@id\":\"https:\\\/\\\/secure.gravatar.com\\\/avatar\\\/732052504ad1fca89e63710f32a07986d0c361cea4d2c20386c7ab9cc1a0276e?s=96&d=mm&r=g\",\"url\":\"https:\\\/\\\/secure.gravatar.com\\\/avatar\\\/732052504ad1fca89e63710f32a07986d0c361cea4d2c20386c7ab9cc1a0276e?s=96&d=mm&r=g\",\"contentUrl\":\"https:\\\/\\\/secure.gravatar.com\\\/avatar\\\/732052504ad1fca89e63710f32a07986d0c361cea4d2c20386c7ab9cc1a0276e?s=96&d=mm&r=g\",\"caption\":\"Simone\"},\"url\":\"https:\\\/\\\/bazzing.it\\\/?author=62\"}]}<\/script>\n<!-- \/ Yoast SEO plugin. -->","yoast_head_json":{"title":"Giulia Cecchettin, il drammatico video del padre dopo la notizia della morte - Bazzing","description":"Ecco le strazianti parole di Gino Cecchettin, padre di Giulia, dopo la scoperta dell'uccisione di sua figlia.","robots":{"index":"index","follow":"follow","max-snippet":"max-snippet:-1","max-image-preview":"max-image-preview:large","max-video-preview":"max-video-preview:-1"},"canonical":"https:\/\/bazzing.it\/?p=17655","og_locale":"it_IT","og_type":"article","og_title":"Giulia Cecchettin, il drammatico video del padre dopo la notizia della morte","og_description":"\ud83d\udc94\ud83d\ude2d Giulia Cecchettin, il drammatico video del padre dopo la notizia della morte, \u00e8\u2026Altro...","og_url":"https:\/\/bazzing.it\/?p=17655","og_site_name":"Bazzing","article_publisher":"https:\/\/www.facebook.com\/Bazzing-2292086231012702\/","article_published_time":"2023-11-19T21:58:28+00:00","og_image":[{"width":1080,"height":1080,"url":"https:\/\/bazzing.it\/wp-content\/uploads\/2023\/11\/402636234_781040537402079_537067561548672411_n.jpg","type":"image\/jpeg"}],"author":"Simone","twitter_card":"summary_large_image","twitter_misc":{"Scritto da":"Simone","Tempo di lettura stimato":"3 minuti"},"schema":{"@context":"https:\/\/schema.org","@graph":[{"@type":"Article","@id":"https:\/\/bazzing.it\/?p=17655#article","isPartOf":{"@id":"https:\/\/bazzing.it\/?p=17655"},"author":{"name":"Simone","@id":"https:\/\/bazzing.it\/#\/schema\/person\/6d4820d51e327fd66932d79d533510de"},"headline":"Giulia Cecchettin, il drammatico video del padre dopo la notizia della morte","datePublished":"2023-11-19T21:58:28+00:00","mainEntityOfPage":{"@id":"https:\/\/bazzing.it\/?p=17655"},"wordCount":393,"commentCount":0,"publisher":{"@id":"https:\/\/bazzing.it\/#organization"},"image":{"@id":"https:\/\/bazzing.it\/?p=17655#primaryimage"},"thumbnailUrl":"https:\/\/bazzing.it\/wp-content\/uploads\/2023\/11\/Screenshot-2023-11-19-225614.png","articleSection":["Attualit\u00e0","Attualit\u00e0","Societ\u00e0"],"inLanguage":"it-IT","potentialAction":[{"@type":"CommentAction","name":"Comment","target":["https:\/\/bazzing.it\/?p=17655#respond"]}]},{"@type":"WebPage","@id":"https:\/\/bazzing.it\/?p=17655","url":"https:\/\/bazzing.it\/?p=17655","name":"Giulia Cecchettin, il drammatico video del padre dopo la notizia della morte - Bazzing","isPartOf":{"@id":"https:\/\/bazzing.it\/#website"},"primaryImageOfPage":{"@id":"https:\/\/bazzing.it\/?p=17655#primaryimage"},"image":{"@id":"https:\/\/bazzing.it\/?p=17655#primaryimage"},"thumbnailUrl":"https:\/\/bazzing.it\/wp-content\/uploads\/2023\/11\/Screenshot-2023-11-19-225614.png","datePublished":"2023-11-19T21:58:28+00:00","description":"Ecco le strazianti parole di Gino Cecchettin, padre di Giulia, dopo la scoperta dell'uccisione di sua figlia.","breadcrumb":{"@id":"https:\/\/bazzing.it\/?p=17655#breadcrumb"},"inLanguage":"it-IT","potentialAction":[{"@type":"ReadAction","target":["https:\/\/bazzing.it\/?p=17655"]}]},{"@type":"ImageObject","inLanguage":"it-IT","@id":"https:\/\/bazzing.it\/?p=17655#primaryimage","url":"https:\/\/bazzing.it\/wp-content\/uploads\/2023\/11\/Screenshot-2023-11-19-225614.png","contentUrl":"https:\/\/bazzing.it\/wp-content\/uploads\/2023\/11\/Screenshot-2023-11-19-225614.png","width":799,"height":446},{"@type":"BreadcrumbList","@id":"https:\/\/bazzing.it\/?p=17655#breadcrumb","itemListElement":[{"@type":"ListItem","position":1,"name":"Home","item":"https:\/\/bazzing.it\/"},{"@type":"ListItem","position":2,"name":"Giulia Cecchettin, il drammatico video del padre dopo la notizia della morte"}]},{"@type":"WebSite","@id":"https:\/\/bazzing.it\/#website","url":"https:\/\/bazzing.it\/","name":"Bazzing","description":"Divulga le tue news, comunicati stampa e informazioni","publisher":{"@id":"https:\/\/bazzing.it\/#organization"},"potentialAction":[{"@type":"SearchAction","target":{"@type":"EntryPoint","urlTemplate":"https:\/\/bazzing.it\/?s={search_term_string}"},"query-input":{"@type":"PropertyValueSpecification","valueRequired":true,"valueName":"search_term_string"}}],"inLanguage":"it-IT"},{"@type":"Organization","@id":"https:\/\/bazzing.it\/#organization","name":"Bazzing","url":"https:\/\/bazzing.it\/","logo":{"@type":"ImageObject","inLanguage":"it-IT","@id":"https:\/\/bazzing.it\/#\/schema\/logo\/image\/","url":"https:\/\/bazzing.it\/wp-content\/uploads\/2019\/05\/logo_transparent.png","contentUrl":"https:\/\/bazzing.it\/wp-content\/uploads\/2019\/05\/logo_transparent.png","width":1200,"height":1200,"caption":"Bazzing"},"image":{"@id":"https:\/\/bazzing.it\/#\/schema\/logo\/image\/"},"sameAs":["https:\/\/www.facebook.com\/Bazzing-2292086231012702\/","https:\/\/www.instagram.com\/bazzing.it\/"]},{"@type":"Person","@id":"https:\/\/bazzing.it\/#\/schema\/person\/6d4820d51e327fd66932d79d533510de","name":"Simone","image":{"@type":"ImageObject","inLanguage":"it-IT","@id":"https:\/\/secure.gravatar.com\/avatar\/732052504ad1fca89e63710f32a07986d0c361cea4d2c20386c7ab9cc1a0276e?s=96&d=mm&r=g","url":"https:\/\/secure.gravatar.com\/avatar\/732052504ad1fca89e63710f32a07986d0c361cea4d2c20386c7ab9cc1a0276e?s=96&d=mm&r=g","contentUrl":"https:\/\/secure.gravatar.com\/avatar\/732052504ad1fca89e63710f32a07986d0c361cea4d2c20386c7ab9cc1a0276e?s=96&d=mm&r=g","caption":"Simone"},"url":"https:\/\/bazzing.it\/?author=62"}]}},"_links":{"self":[{"href":"https:\/\/bazzing.it\/index.php?rest_route=\/wp\/v2\/posts\/17655","targetHints":{"allow":["GET"]}}],"collection":[{"href":"https:\/\/bazzing.it\/index.php?rest_route=\/wp\/v2\/posts"}],"about":[{"href":"https:\/\/bazzing.it\/index.php?rest_route=\/wp\/v2\/types\/post"}],"author":[{"embeddable":true,"href":"https:\/\/bazzing.it\/index.php?rest_route=\/wp\/v2\/users\/62"}],"replies":[{"embeddable":true,"href":"https:\/\/bazzing.it\/index.php?rest_route=%2Fwp%2Fv2%2Fcomments&post=17655"}],"version-history":[{"count":1,"href":"https:\/\/bazzing.it\/index.php?rest_route=\/wp\/v2\/posts\/17655\/revisions"}],"predecessor-version":[{"id":17659,"href":"https:\/\/bazzing.it\/index.php?rest_route=\/wp\/v2\/posts\/17655\/revisions\/17659"}],"wp:featuredmedia":[{"embeddable":true,"href":"https:\/\/bazzing.it\/index.php?rest_route=\/wp\/v2\/media\/17658"}],"wp:attachment":[{"href":"https:\/\/bazzing.it\/index.php?rest_route=%2Fwp%2Fv2%2Fmedia&parent=17655"}],"wp:term":[{"taxonomy":"category","embeddable":true,"href":"https:\/\/bazzing.it\/index.php?rest_route=%2Fwp%2Fv2%2Fcategories&post=17655"},{"taxonomy":"post_tag","embeddable":true,"href":"https:\/\/bazzing.it\/index.php?rest_route=%2Fwp%2Fv2%2Ftags&post=17655"}],"curies":[{"name":"wp","href":"https:\/\/api.w.org\/{rel}","templated":true}]}}