{"id":17679,"date":"2023-11-20T21:43:28","date_gmt":"2023-11-20T20:43:28","guid":{"rendered":"https:\/\/www.bazzing.it\/?p=17679"},"modified":"2023-11-20T21:43:28","modified_gmt":"2023-11-20T20:43:28","slug":"filippo-turetta-lavvocato-di-lui-rompe-il-silenzio","status":"publish","type":"post","link":"https:\/\/bazzing.it\/?p=17679","title":{"rendered":"Filippo Turetta, l\u2019avvocato di lui rompe il silenzio"},"content":{"rendered":"<p>L&#8217;Italia \u00e8 stata scossa da un evento drammatico che ha visto protagonisti due giovani, Giulia Cecchettin e Filippo Turetta, entrambi di 22 anni. La loro scomparsa, inizialmente ritenuta un allontanamento volontario, si \u00e8 presto rivelata una tragedia di proporzioni inimmaginabili.<\/p>\n<h3>La Sera della Scomparsa<\/h3>\n<p>Il 11 novembre, Giulia e Filippo sono stati visti insieme in un McDonald\u2019s a Marghera, Venezia. Quella che sembrava una serata come tante altre ha preso una svolta oscura e fatale. Le ore successive hanno visto Filippo compiere un atto irreparabile, portando alla morte di Giulia.<\/p>\n<h3>Il Ritrovamento e l&#8217;Arresto<\/h3>\n<p>Il 18 novembre, il corpo di Giulia \u00e8 stato ritrovato vicino al lago di Barcis, mostrando segni di violenza estrema. Il giorno seguente, Filippo \u00e8 stato arrestato in Germania, dove aveva tentato di fuggire, ponendo fine a una breve ma intensa caccia all&#8217;uomo.<\/p>\n<p><img decoding=\"async\" class=\"alignnone size-medium wp-image-17681\" src=\"http:\/\/www.bazzing.it\/wp-content\/uploads\/2023\/11\/7765766_poster-300x164.jpg\" alt=\"\" width=\"300\" height=\"164\" srcset=\"https:\/\/bazzing.it\/wp-content\/uploads\/2023\/11\/7765766_poster-300x164.jpg 300w, https:\/\/bazzing.it\/wp-content\/uploads\/2023\/11\/7765766_poster-1024x560.jpg 1024w, https:\/\/bazzing.it\/wp-content\/uploads\/2023\/11\/7765766_poster-768x420.jpg 768w, https:\/\/bazzing.it\/wp-content\/uploads\/2023\/11\/7765766_poster-696x381.jpg 696w, https:\/\/bazzing.it\/wp-content\/uploads\/2023\/11\/7765766_poster-1068x584.jpg 1068w, https:\/\/bazzing.it\/wp-content\/uploads\/2023\/11\/7765766_poster.jpg 1280w\" sizes=\"(max-width: 300px) 100vw, 300px\" \/><\/p>\n<h2>Parole dell&#8217;Avvocato di Turetta<\/h2>\n<p><strong>Emanuele Compagno<\/strong>, avvocato di Filippo Turetta, nel suo intervento ha fornito un&#8217;immagine diversa del suo assistito. Ha descritto Filippo come profondamente scosso e incapace di spiegare razionalmente quanto accaduto. Fondamentalmente per il legale e per i pi\u00f9, Filippo era:<\/p>\n<p><em>&#8220;Un ragazzo buono che le voleva bene e le faceva i biscotti. I genitori di Filippo sono sconvolti, non si danno pace. [&#8230;] Sembra che non si sia portato nulla, un cambio o abiti pesanti per cui non credo in un\u2019azione premeditata&#8221;<\/em><\/p>\n<p>L&#8217;avvocato ha enfatizzato la necessit\u00e0 di indagini approfondite per comprendere le dinamiche dietro l&#8217;accaduto. Ha assicurato che la sua priorit\u00e0 sar\u00e0 garantire una difesa adeguata a Filippo, pur rispettando il dolore della famiglia di Giulia.<\/p>\n<p><img fetchpriority=\"high\" decoding=\"async\" class=\"alignnone size-medium wp-image-17682\" src=\"http:\/\/www.bazzing.it\/wp-content\/uploads\/2023\/11\/Screenshot-2023-11-20-213335-300x168.png\" alt=\"\" width=\"300\" height=\"168\" srcset=\"https:\/\/bazzing.it\/wp-content\/uploads\/2023\/11\/Screenshot-2023-11-20-213335-300x168.png 300w, https:\/\/bazzing.it\/wp-content\/uploads\/2023\/11\/Screenshot-2023-11-20-213335-768x430.png 768w, https:\/\/bazzing.it\/wp-content\/uploads\/2023\/11\/Screenshot-2023-11-20-213335-696x390.png 696w, https:\/\/bazzing.it\/wp-content\/uploads\/2023\/11\/Screenshot-2023-11-20-213335-750x420.png 750w, https:\/\/bazzing.it\/wp-content\/uploads\/2023\/11\/Screenshot-2023-11-20-213335.png 784w\" sizes=\"(max-width: 300px) 100vw, 300px\" \/><\/p>\n<p><em>&#8220;Filippo non \u00e8 mai stato aggressivo, un ragazzo da cui ci si poteva aspettare di tutto tranne che un gesto di violenza. Amava questa ragazza, le preparava dei biscotti, continuavano a vedersi. \u00c9 davvero tutto cos\u00ec inspiegabile. Credo a una lite finita male. Non abbiamo visto il video. L\u2019appello, che fanno anche i genitori, \u00e8 di costituirsi. La madre e il padre gli chiedono di tornare e di spiegare&#8221;<\/em><\/p>\n<h3>Reazioni e Proseguimento delle Indagini<\/h3>\n<p>La vicenda ha generato un&#8217;ondata di emozioni in tutta Italia, tra commozione e indignazione. Le indagini proseguono per fare piena luce sugli eventi di quella tragica notte e sui motivi che hanno spinto Filippo a un gesto cos\u00ec estremo.<\/p>\n<p>Questo caso ha lasciato un segno indelebile nella societ\u00e0 italiana, sollevando questioni su sicurezza, relazioni interpersonali e la complessit\u00e0 della psiche umana. La storia di Giulia e Filippo rimarr\u00e0 un triste ricordo di come la vita possa prendere una svolta inaspettata e tragica.<\/p>\n","protected":false},"excerpt":{"rendered":"<p>L&#8217;Italia \u00e8 stata scossa da un evento drammatico che ha visto protagonisti due giovani, Giulia Cecchettin e Filippo Turetta, entrambi di 22 anni. La loro scomparsa, inizialmente ritenuta un allontanamento volontario, si \u00e8 presto rivelata una tragedia di proporzioni inimmaginabili. La Sera della Scomparsa Il 11 novembre, Giulia e Filippo sono stati visti insieme in [&hellip;]<\/p>\n","protected":false},"author":62,"featured_media":17683,"comment_status":"open","ping_status":"closed","sticky":false,"template":"","format":"standard","meta":{"_monsterinsights_skip_tracking":false,"_monsterinsights_sitenote_active":false,"_monsterinsights_sitenote_note":"","_monsterinsights_sitenote_category":0,"footnotes":""},"categories":[70,59,60],"tags":[],"class_list":["post-17679","post","type-post","status-publish","format-standard","has-post-thumbnail","hentry","category-attualita-comunicati-stampa","category-attualita","category-societa"],"yoast_head":"<!-- This site is optimized with the Yoast SEO plugin v27.3 - https:\/\/yoast.com\/product\/yoast-seo-wordpress\/ -->\n<title>Filippo Turetta, l\u2019avvocato di lui rompe il silenzio - Bazzing<\/title>\n<meta name=\"description\" content=\"Ecco quali sono state le parole dell&#039;avvocato difensore di Filippo Turetta, Emanuele Compagno. Il suo intervento ha sollevato molte polemiche\" \/>\n<meta name=\"robots\" content=\"index, follow, max-snippet:-1, max-image-preview:large, max-video-preview:-1\" \/>\n<link rel=\"canonical\" href=\"https:\/\/bazzing.it\/?p=17679\" \/>\n<meta property=\"og:locale\" content=\"it_IT\" \/>\n<meta property=\"og:type\" content=\"article\" \/>\n<meta property=\"og:title\" content=\"Filippo Turetta, l\u2019avvocato di lui rompe il silenzio\" \/>\n<meta property=\"og:description\" content=\"Giulia Cecchettin, l\u2019avvocato di Filippo rompe il silenzio: \u201cNon credo n...Altro...\" \/>\n<meta property=\"og:url\" content=\"https:\/\/bazzing.it\/?p=17679\" \/>\n<meta property=\"og:site_name\" content=\"Bazzing\" \/>\n<meta property=\"article:publisher\" content=\"https:\/\/www.facebook.com\/Bazzing-2292086231012702\/\" \/>\n<meta property=\"article:published_time\" content=\"2023-11-20T20:43:28+00:00\" \/>\n<meta property=\"og:image\" content=\"https:\/\/bazzing.it\/wp-content\/uploads\/2023\/11\/402387410_781536600685806_5662283058684193606_n.jpg\" \/>\n\t<meta property=\"og:image:width\" content=\"1600\" \/>\n\t<meta property=\"og:image:height\" content=\"1600\" \/>\n\t<meta property=\"og:image:type\" content=\"image\/jpeg\" \/>\n<meta name=\"author\" content=\"Simone\" \/>\n<meta name=\"twitter:card\" content=\"summary_large_image\" \/>\n<meta name=\"twitter:label1\" content=\"Scritto da\" \/>\n\t<meta name=\"twitter:data1\" content=\"Simone\" \/>\n\t<meta name=\"twitter:label2\" content=\"Tempo di lettura stimato\" \/>\n\t<meta name=\"twitter:data2\" content=\"3 minuti\" \/>\n<script type=\"application\/ld+json\" class=\"yoast-schema-graph\">{\"@context\":\"https:\\\/\\\/schema.org\",\"@graph\":[{\"@type\":\"Article\",\"@id\":\"https:\\\/\\\/bazzing.it\\\/?p=17679#article\",\"isPartOf\":{\"@id\":\"https:\\\/\\\/bazzing.it\\\/?p=17679\"},\"author\":{\"name\":\"Simone\",\"@id\":\"https:\\\/\\\/bazzing.it\\\/#\\\/schema\\\/person\\\/6d4820d51e327fd66932d79d533510de\"},\"headline\":\"Filippo Turetta, l\u2019avvocato di lui rompe il silenzio\",\"datePublished\":\"2023-11-20T20:43:28+00:00\",\"mainEntityOfPage\":{\"@id\":\"https:\\\/\\\/bazzing.it\\\/?p=17679\"},\"wordCount\":422,\"commentCount\":0,\"publisher\":{\"@id\":\"https:\\\/\\\/bazzing.it\\\/#organization\"},\"image\":{\"@id\":\"https:\\\/\\\/bazzing.it\\\/?p=17679#primaryimage\"},\"thumbnailUrl\":\"https:\\\/\\\/bazzing.it\\\/wp-content\\\/uploads\\\/2023\\\/11\\\/7764315_18185330_avvocato_filippo_turetta.jpg\",\"articleSection\":[\"Attualit\u00e0\",\"Attualit\u00e0\",\"Societ\u00e0\"],\"inLanguage\":\"it-IT\",\"potentialAction\":[{\"@type\":\"CommentAction\",\"name\":\"Comment\",\"target\":[\"https:\\\/\\\/bazzing.it\\\/?p=17679#respond\"]}]},{\"@type\":\"WebPage\",\"@id\":\"https:\\\/\\\/bazzing.it\\\/?p=17679\",\"url\":\"https:\\\/\\\/bazzing.it\\\/?p=17679\",\"name\":\"Filippo Turetta, l\u2019avvocato di lui rompe il silenzio - Bazzing\",\"isPartOf\":{\"@id\":\"https:\\\/\\\/bazzing.it\\\/#website\"},\"primaryImageOfPage\":{\"@id\":\"https:\\\/\\\/bazzing.it\\\/?p=17679#primaryimage\"},\"image\":{\"@id\":\"https:\\\/\\\/bazzing.it\\\/?p=17679#primaryimage\"},\"thumbnailUrl\":\"https:\\\/\\\/bazzing.it\\\/wp-content\\\/uploads\\\/2023\\\/11\\\/7764315_18185330_avvocato_filippo_turetta.jpg\",\"datePublished\":\"2023-11-20T20:43:28+00:00\",\"description\":\"Ecco quali sono state le parole dell'avvocato difensore di Filippo Turetta, Emanuele Compagno. Il suo intervento ha sollevato molte polemiche\",\"breadcrumb\":{\"@id\":\"https:\\\/\\\/bazzing.it\\\/?p=17679#breadcrumb\"},\"inLanguage\":\"it-IT\",\"potentialAction\":[{\"@type\":\"ReadAction\",\"target\":[\"https:\\\/\\\/bazzing.it\\\/?p=17679\"]}]},{\"@type\":\"ImageObject\",\"inLanguage\":\"it-IT\",\"@id\":\"https:\\\/\\\/bazzing.it\\\/?p=17679#primaryimage\",\"url\":\"https:\\\/\\\/bazzing.it\\\/wp-content\\\/uploads\\\/2023\\\/11\\\/7764315_18185330_avvocato_filippo_turetta.jpg\",\"contentUrl\":\"https:\\\/\\\/bazzing.it\\\/wp-content\\\/uploads\\\/2023\\\/11\\\/7764315_18185330_avvocato_filippo_turetta.jpg\",\"width\":620,\"height\":340},{\"@type\":\"BreadcrumbList\",\"@id\":\"https:\\\/\\\/bazzing.it\\\/?p=17679#breadcrumb\",\"itemListElement\":[{\"@type\":\"ListItem\",\"position\":1,\"name\":\"Home\",\"item\":\"https:\\\/\\\/bazzing.it\\\/\"},{\"@type\":\"ListItem\",\"position\":2,\"name\":\"Filippo Turetta, l\u2019avvocato di lui rompe il silenzio\"}]},{\"@type\":\"WebSite\",\"@id\":\"https:\\\/\\\/bazzing.it\\\/#website\",\"url\":\"https:\\\/\\\/bazzing.it\\\/\",\"name\":\"Bazzing\",\"description\":\"Divulga le tue news, comunicati stampa e informazioni\",\"publisher\":{\"@id\":\"https:\\\/\\\/bazzing.it\\\/#organization\"},\"potentialAction\":[{\"@type\":\"SearchAction\",\"target\":{\"@type\":\"EntryPoint\",\"urlTemplate\":\"https:\\\/\\\/bazzing.it\\\/?s={search_term_string}\"},\"query-input\":{\"@type\":\"PropertyValueSpecification\",\"valueRequired\":true,\"valueName\":\"search_term_string\"}}],\"inLanguage\":\"it-IT\"},{\"@type\":\"Organization\",\"@id\":\"https:\\\/\\\/bazzing.it\\\/#organization\",\"name\":\"Bazzing\",\"url\":\"https:\\\/\\\/bazzing.it\\\/\",\"logo\":{\"@type\":\"ImageObject\",\"inLanguage\":\"it-IT\",\"@id\":\"https:\\\/\\\/bazzing.it\\\/#\\\/schema\\\/logo\\\/image\\\/\",\"url\":\"https:\\\/\\\/bazzing.it\\\/wp-content\\\/uploads\\\/2019\\\/05\\\/logo_transparent.png\",\"contentUrl\":\"https:\\\/\\\/bazzing.it\\\/wp-content\\\/uploads\\\/2019\\\/05\\\/logo_transparent.png\",\"width\":1200,\"height\":1200,\"caption\":\"Bazzing\"},\"image\":{\"@id\":\"https:\\\/\\\/bazzing.it\\\/#\\\/schema\\\/logo\\\/image\\\/\"},\"sameAs\":[\"https:\\\/\\\/www.facebook.com\\\/Bazzing-2292086231012702\\\/\",\"https:\\\/\\\/www.instagram.com\\\/bazzing.it\\\/\"]},{\"@type\":\"Person\",\"@id\":\"https:\\\/\\\/bazzing.it\\\/#\\\/schema\\\/person\\\/6d4820d51e327fd66932d79d533510de\",\"name\":\"Simone\",\"image\":{\"@type\":\"ImageObject\",\"inLanguage\":\"it-IT\",\"@id\":\"https:\\\/\\\/secure.gravatar.com\\\/avatar\\\/732052504ad1fca89e63710f32a07986d0c361cea4d2c20386c7ab9cc1a0276e?s=96&d=mm&r=g\",\"url\":\"https:\\\/\\\/secure.gravatar.com\\\/avatar\\\/732052504ad1fca89e63710f32a07986d0c361cea4d2c20386c7ab9cc1a0276e?s=96&d=mm&r=g\",\"contentUrl\":\"https:\\\/\\\/secure.gravatar.com\\\/avatar\\\/732052504ad1fca89e63710f32a07986d0c361cea4d2c20386c7ab9cc1a0276e?s=96&d=mm&r=g\",\"caption\":\"Simone\"},\"url\":\"https:\\\/\\\/bazzing.it\\\/?author=62\"}]}<\/script>\n<!-- \/ Yoast SEO plugin. -->","yoast_head_json":{"title":"Filippo Turetta, l\u2019avvocato di lui rompe il silenzio - Bazzing","description":"Ecco quali sono state le parole dell'avvocato difensore di Filippo Turetta, Emanuele Compagno. Il suo intervento ha sollevato molte polemiche","robots":{"index":"index","follow":"follow","max-snippet":"max-snippet:-1","max-image-preview":"max-image-preview:large","max-video-preview":"max-video-preview:-1"},"canonical":"https:\/\/bazzing.it\/?p=17679","og_locale":"it_IT","og_type":"article","og_title":"Filippo Turetta, l\u2019avvocato di lui rompe il silenzio","og_description":"Giulia Cecchettin, l\u2019avvocato di Filippo rompe il silenzio: \u201cNon credo n...Altro...","og_url":"https:\/\/bazzing.it\/?p=17679","og_site_name":"Bazzing","article_publisher":"https:\/\/www.facebook.com\/Bazzing-2292086231012702\/","article_published_time":"2023-11-20T20:43:28+00:00","og_image":[{"width":1600,"height":1600,"url":"https:\/\/bazzing.it\/wp-content\/uploads\/2023\/11\/402387410_781536600685806_5662283058684193606_n.jpg","type":"image\/jpeg"}],"author":"Simone","twitter_card":"summary_large_image","twitter_misc":{"Scritto da":"Simone","Tempo di lettura stimato":"3 minuti"},"schema":{"@context":"https:\/\/schema.org","@graph":[{"@type":"Article","@id":"https:\/\/bazzing.it\/?p=17679#article","isPartOf":{"@id":"https:\/\/bazzing.it\/?p=17679"},"author":{"name":"Simone","@id":"https:\/\/bazzing.it\/#\/schema\/person\/6d4820d51e327fd66932d79d533510de"},"headline":"Filippo Turetta, l\u2019avvocato di lui rompe il silenzio","datePublished":"2023-11-20T20:43:28+00:00","mainEntityOfPage":{"@id":"https:\/\/bazzing.it\/?p=17679"},"wordCount":422,"commentCount":0,"publisher":{"@id":"https:\/\/bazzing.it\/#organization"},"image":{"@id":"https:\/\/bazzing.it\/?p=17679#primaryimage"},"thumbnailUrl":"https:\/\/bazzing.it\/wp-content\/uploads\/2023\/11\/7764315_18185330_avvocato_filippo_turetta.jpg","articleSection":["Attualit\u00e0","Attualit\u00e0","Societ\u00e0"],"inLanguage":"it-IT","potentialAction":[{"@type":"CommentAction","name":"Comment","target":["https:\/\/bazzing.it\/?p=17679#respond"]}]},{"@type":"WebPage","@id":"https:\/\/bazzing.it\/?p=17679","url":"https:\/\/bazzing.it\/?p=17679","name":"Filippo Turetta, l\u2019avvocato di lui rompe il silenzio - Bazzing","isPartOf":{"@id":"https:\/\/bazzing.it\/#website"},"primaryImageOfPage":{"@id":"https:\/\/bazzing.it\/?p=17679#primaryimage"},"image":{"@id":"https:\/\/bazzing.it\/?p=17679#primaryimage"},"thumbnailUrl":"https:\/\/bazzing.it\/wp-content\/uploads\/2023\/11\/7764315_18185330_avvocato_filippo_turetta.jpg","datePublished":"2023-11-20T20:43:28+00:00","description":"Ecco quali sono state le parole dell'avvocato difensore di Filippo Turetta, Emanuele Compagno. Il suo intervento ha sollevato molte polemiche","breadcrumb":{"@id":"https:\/\/bazzing.it\/?p=17679#breadcrumb"},"inLanguage":"it-IT","potentialAction":[{"@type":"ReadAction","target":["https:\/\/bazzing.it\/?p=17679"]}]},{"@type":"ImageObject","inLanguage":"it-IT","@id":"https:\/\/bazzing.it\/?p=17679#primaryimage","url":"https:\/\/bazzing.it\/wp-content\/uploads\/2023\/11\/7764315_18185330_avvocato_filippo_turetta.jpg","contentUrl":"https:\/\/bazzing.it\/wp-content\/uploads\/2023\/11\/7764315_18185330_avvocato_filippo_turetta.jpg","width":620,"height":340},{"@type":"BreadcrumbList","@id":"https:\/\/bazzing.it\/?p=17679#breadcrumb","itemListElement":[{"@type":"ListItem","position":1,"name":"Home","item":"https:\/\/bazzing.it\/"},{"@type":"ListItem","position":2,"name":"Filippo Turetta, l\u2019avvocato di lui rompe il silenzio"}]},{"@type":"WebSite","@id":"https:\/\/bazzing.it\/#website","url":"https:\/\/bazzing.it\/","name":"Bazzing","description":"Divulga le tue news, comunicati stampa e informazioni","publisher":{"@id":"https:\/\/bazzing.it\/#organization"},"potentialAction":[{"@type":"SearchAction","target":{"@type":"EntryPoint","urlTemplate":"https:\/\/bazzing.it\/?s={search_term_string}"},"query-input":{"@type":"PropertyValueSpecification","valueRequired":true,"valueName":"search_term_string"}}],"inLanguage":"it-IT"},{"@type":"Organization","@id":"https:\/\/bazzing.it\/#organization","name":"Bazzing","url":"https:\/\/bazzing.it\/","logo":{"@type":"ImageObject","inLanguage":"it-IT","@id":"https:\/\/bazzing.it\/#\/schema\/logo\/image\/","url":"https:\/\/bazzing.it\/wp-content\/uploads\/2019\/05\/logo_transparent.png","contentUrl":"https:\/\/bazzing.it\/wp-content\/uploads\/2019\/05\/logo_transparent.png","width":1200,"height":1200,"caption":"Bazzing"},"image":{"@id":"https:\/\/bazzing.it\/#\/schema\/logo\/image\/"},"sameAs":["https:\/\/www.facebook.com\/Bazzing-2292086231012702\/","https:\/\/www.instagram.com\/bazzing.it\/"]},{"@type":"Person","@id":"https:\/\/bazzing.it\/#\/schema\/person\/6d4820d51e327fd66932d79d533510de","name":"Simone","image":{"@type":"ImageObject","inLanguage":"it-IT","@id":"https:\/\/secure.gravatar.com\/avatar\/732052504ad1fca89e63710f32a07986d0c361cea4d2c20386c7ab9cc1a0276e?s=96&d=mm&r=g","url":"https:\/\/secure.gravatar.com\/avatar\/732052504ad1fca89e63710f32a07986d0c361cea4d2c20386c7ab9cc1a0276e?s=96&d=mm&r=g","contentUrl":"https:\/\/secure.gravatar.com\/avatar\/732052504ad1fca89e63710f32a07986d0c361cea4d2c20386c7ab9cc1a0276e?s=96&d=mm&r=g","caption":"Simone"},"url":"https:\/\/bazzing.it\/?author=62"}]}},"_links":{"self":[{"href":"https:\/\/bazzing.it\/index.php?rest_route=\/wp\/v2\/posts\/17679","targetHints":{"allow":["GET"]}}],"collection":[{"href":"https:\/\/bazzing.it\/index.php?rest_route=\/wp\/v2\/posts"}],"about":[{"href":"https:\/\/bazzing.it\/index.php?rest_route=\/wp\/v2\/types\/post"}],"author":[{"embeddable":true,"href":"https:\/\/bazzing.it\/index.php?rest_route=\/wp\/v2\/users\/62"}],"replies":[{"embeddable":true,"href":"https:\/\/bazzing.it\/index.php?rest_route=%2Fwp%2Fv2%2Fcomments&post=17679"}],"version-history":[{"count":1,"href":"https:\/\/bazzing.it\/index.php?rest_route=\/wp\/v2\/posts\/17679\/revisions"}],"predecessor-version":[{"id":17684,"href":"https:\/\/bazzing.it\/index.php?rest_route=\/wp\/v2\/posts\/17679\/revisions\/17684"}],"wp:featuredmedia":[{"embeddable":true,"href":"https:\/\/bazzing.it\/index.php?rest_route=\/wp\/v2\/media\/17683"}],"wp:attachment":[{"href":"https:\/\/bazzing.it\/index.php?rest_route=%2Fwp%2Fv2%2Fmedia&parent=17679"}],"wp:term":[{"taxonomy":"category","embeddable":true,"href":"https:\/\/bazzing.it\/index.php?rest_route=%2Fwp%2Fv2%2Fcategories&post=17679"},{"taxonomy":"post_tag","embeddable":true,"href":"https:\/\/bazzing.it\/index.php?rest_route=%2Fwp%2Fv2%2Ftags&post=17679"}],"curies":[{"name":"wp","href":"https:\/\/api.w.org\/{rel}","templated":true}]}}