{"id":17685,"date":"2023-11-20T21:54:45","date_gmt":"2023-11-20T20:54:45","guid":{"rendered":"https:\/\/www.bazzing.it\/?p=17685"},"modified":"2023-11-20T21:54:45","modified_gmt":"2023-11-20T20:54:45","slug":"kata-la-terribile-notizia-sulla-madre-chi-ha-accoltellato","status":"publish","type":"post","link":"https:\/\/bazzing.it\/?p=17685","title":{"rendered":"Kata, la terribile notizia sulla madre: chi ha accoltellato"},"content":{"rendered":"<p>In un tragico sviluppo degli eventi, Katherine Alvarez, madre di Kata, una bambina scomparsa da mesi, \u00e8 stata coinvolta in un violento episodio a Firenze. Questo incidente ha riacceso l&#8217;attenzione sulla scomparsa di Kata, sollevando interrogativi sulla situazione emotiva e psicologica della madre.<\/p>\n<h3>La Notte in Discoteca: Aggressione e Difesa<\/h3>\n<p>L&#8217;incidente \u00e8 avvenuto nei bagni del Tenax, un noto locale fiorentino. Alvarez ha aggredito una giovane donna, anch&#8217;essa peruviana, causandole ferite al volto. Alvarez ha dichiarato di aver agito in auto-difesa. Tuttavia, l&#8217;assenza di telecamere e la mancata rinvenuta dell&#8217;arma complicano l&#8217;indagine.<\/p>\n<h3>Le Conseguenze dell&#8217;Aggressione<\/h3>\n<p>La vittima \u00e8 stata trasportata d&#8217;urgenza in ospedale con una prognosi di 20 giorni. La polizia ha avviato le indagini per fare chiarezza sull&#8217;accaduto. Questo episodio aggiunge un ulteriore strato di tragedia alla storia gi\u00e0 carica di dolore legata alla scomparsa di Kata.<\/p>\n<p><img fetchpriority=\"high\" decoding=\"async\" class=\"alignnone size-medium wp-image-17688\" src=\"http:\/\/www.bazzing.it\/wp-content\/uploads\/2023\/11\/kata-225x300.jpg\" alt=\"\" width=\"225\" height=\"300\" srcset=\"https:\/\/bazzing.it\/wp-content\/uploads\/2023\/11\/kata-225x300.jpg 225w, https:\/\/bazzing.it\/wp-content\/uploads\/2023\/11\/kata-768x1024.jpg 768w, https:\/\/bazzing.it\/wp-content\/uploads\/2023\/11\/kata-696x928.jpg 696w, https:\/\/bazzing.it\/wp-content\/uploads\/2023\/11\/kata-315x420.jpg 315w, https:\/\/bazzing.it\/wp-content\/uploads\/2023\/11\/kata.jpg 900w\" sizes=\"(max-width: 225px) 100vw, 225px\" \/><\/p>\n<h3>Il Contesto Familiare: Il Padre di Kata<\/h3>\n<p>Miguel Angel Chicllo Romero, padre di Kata, \u00e8 stato recentemente arrestato. Questo arresto segue la scomparsa della bambina dall&#8217;ex hotel Astor di Firenze il 10 giugno. La situazione giudiziaria del padre aggiunge complessit\u00e0 alla gi\u00e0 difficile situazione familiare.<\/p>\n<h2>Nuove Svolte nelle Indagini<\/h2>\n<p>Recentemente, Katherine Alvarez ha incontrato i giornalisti, esprimendo la speranza di ritrovare sua figlia. Ha sottolineato che gli zii di Kata, indagati nell&#8217;inchiesta, non sono coinvolti nella scomparsa. Queste dichiarazioni aggiungono una nuova dimensione alle indagini, indicando possibili piste alternative.<\/p>\n<h2>La Difesa della Famiglia<\/h2>\n<p>Katherine Alvarez ha chiesto di smettere di gettare ombre sulla loro famiglia, negando qualsiasi debito o coinvolgimento nella scomparsa di Kata. Anche Miguel Angel Chicclo Romero ha difeso la sua famiglia, ritenendo offensivo che vengano incolpati.<\/p>\n<p><img decoding=\"async\" class=\"alignnone size-medium wp-image-17689\" src=\"http:\/\/www.bazzing.it\/wp-content\/uploads\/2023\/11\/padre-kata-300x187.jpg\" alt=\"\" width=\"300\" height=\"187\" srcset=\"https:\/\/bazzing.it\/wp-content\/uploads\/2023\/11\/padre-kata-300x187.jpg 300w, https:\/\/bazzing.it\/wp-content\/uploads\/2023\/11\/padre-kata-1024x637.jpg 1024w, https:\/\/bazzing.it\/wp-content\/uploads\/2023\/11\/padre-kata-768x477.jpg 768w, https:\/\/bazzing.it\/wp-content\/uploads\/2023\/11\/padre-kata-696x433.jpg 696w, https:\/\/bazzing.it\/wp-content\/uploads\/2023\/11\/padre-kata-1068x664.jpg 1068w, https:\/\/bazzing.it\/wp-content\/uploads\/2023\/11\/padre-kata-676x420.jpg 676w, https:\/\/bazzing.it\/wp-content\/uploads\/2023\/11\/padre-kata.jpg 1200w\" sizes=\"(max-width: 300px) 100vw, 300px\" \/><\/p>\n<h3>Raccolta Fondi e Appelli per la Verit\u00e0<\/h3>\n<p>La famiglia di Kata ha avviato una raccolta fondi per incentivare chi sa qualcosa a parlare. Questo sforzo dimostra la loro determinazione nel cercare la verit\u00e0 e nel trovare Kata.<\/p>\n<h3>Accertamenti Tecnici e Speranze nelle Indagini<\/h3>\n<p>La procura di Firenze ha disposto accertamenti tecnici irripetibili per trovare materiale biologico o genetico. Questi accertamenti potrebbero fornire nuove piste nelle indagini e avvicinare alla verit\u00e0 sulla scomparsa di Kata.<\/p>\n<h3>Riflessioni e Domande Aperte<\/h3>\n<p>Questo episodio solleva domande sulla situazione emotiva di Katherine Alvarez. Come sta affrontando la madre il dolore e lo stress legati alla scomparsa della figlia? Qual \u00e8 l&#8217;impatto psicologico di questi eventi sulla famiglia? E come la comunit\u00e0 pu\u00f2 supportare in queste circostanze?<\/p>\n","protected":false},"excerpt":{"rendered":"<p>In un tragico sviluppo degli eventi, Katherine Alvarez, madre di Kata, una bambina scomparsa da mesi, \u00e8 stata coinvolta in un violento episodio a Firenze. Questo incidente ha riacceso l&#8217;attenzione sulla scomparsa di Kata, sollevando interrogativi sulla situazione emotiva e psicologica della madre. La Notte in Discoteca: Aggressione e Difesa L&#8217;incidente \u00e8 avvenuto nei bagni [&hellip;]<\/p>\n","protected":false},"author":62,"featured_media":17687,"comment_status":"open","ping_status":"closed","sticky":false,"template":"","format":"standard","meta":{"_monsterinsights_skip_tracking":false,"_monsterinsights_sitenote_active":false,"_monsterinsights_sitenote_note":"","_monsterinsights_sitenote_category":0,"footnotes":""},"categories":[70,59,60],"tags":[],"class_list":["post-17685","post","type-post","status-publish","format-standard","has-post-thumbnail","hentry","category-attualita-comunicati-stampa","category-attualita","category-societa"],"yoast_head":"<!-- This site is optimized with the Yoast SEO plugin v27.3 - https:\/\/yoast.com\/product\/yoast-seo-wordpress\/ -->\n<title>Kata, la terribile notizia sulla madre: chi ha accoltellato - Bazzing<\/title>\n<meta name=\"description\" content=\"Questa \u00e8 la tragica storia di Katherine Alvarez, madre di Kata, e degli ultimi sviluppi nel caso della piccola Kata.\" \/>\n<meta name=\"robots\" content=\"index, follow, max-snippet:-1, max-image-preview:large, max-video-preview:-1\" \/>\n<link rel=\"canonical\" href=\"https:\/\/bazzing.it\/?p=17685\" \/>\n<meta property=\"og:locale\" content=\"it_IT\" \/>\n<meta property=\"og:type\" content=\"article\" \/>\n<meta property=\"og:title\" content=\"Kata, la terribile notizia sulla madre: chi ha accoltellato\" \/>\n<meta property=\"og:description\" content=\"\u201cL\u2019ha accoltellata\u201d. Piccola Kata, la terribile notizia sulla madre \u00e8 appena arrivata: per dif\u2026Altro\u2026\" \/>\n<meta property=\"og:url\" content=\"https:\/\/bazzing.it\/?p=17685\" \/>\n<meta property=\"og:site_name\" content=\"Bazzing\" \/>\n<meta property=\"article:publisher\" content=\"https:\/\/www.facebook.com\/Bazzing-2292086231012702\/\" \/>\n<meta property=\"article:published_time\" content=\"2023-11-20T20:54:45+00:00\" \/>\n<meta property=\"og:image\" content=\"https:\/\/bazzing.it\/wp-content\/uploads\/2023\/11\/402571964_782448220594644_2198034222696961348_n.jpg\" \/>\n\t<meta property=\"og:image:width\" content=\"2048\" \/>\n\t<meta property=\"og:image:height\" content=\"1824\" \/>\n\t<meta property=\"og:image:type\" content=\"image\/jpeg\" \/>\n<meta name=\"author\" content=\"Simone\" \/>\n<meta name=\"twitter:card\" content=\"summary_large_image\" \/>\n<meta name=\"twitter:label1\" content=\"Scritto da\" \/>\n\t<meta name=\"twitter:data1\" content=\"Simone\" \/>\n\t<meta name=\"twitter:label2\" content=\"Tempo di lettura stimato\" \/>\n\t<meta name=\"twitter:data2\" content=\"3 minuti\" \/>\n<script type=\"application\/ld+json\" class=\"yoast-schema-graph\">{\"@context\":\"https:\\\/\\\/schema.org\",\"@graph\":[{\"@type\":\"Article\",\"@id\":\"https:\\\/\\\/bazzing.it\\\/?p=17685#article\",\"isPartOf\":{\"@id\":\"https:\\\/\\\/bazzing.it\\\/?p=17685\"},\"author\":{\"name\":\"Simone\",\"@id\":\"https:\\\/\\\/bazzing.it\\\/#\\\/schema\\\/person\\\/6d4820d51e327fd66932d79d533510de\"},\"headline\":\"Kata, la terribile notizia sulla madre: chi ha accoltellato\",\"datePublished\":\"2023-11-20T20:54:45+00:00\",\"mainEntityOfPage\":{\"@id\":\"https:\\\/\\\/bazzing.it\\\/?p=17685\"},\"wordCount\":402,\"commentCount\":0,\"publisher\":{\"@id\":\"https:\\\/\\\/bazzing.it\\\/#organization\"},\"image\":{\"@id\":\"https:\\\/\\\/bazzing.it\\\/?p=17685#primaryimage\"},\"thumbnailUrl\":\"https:\\\/\\\/bazzing.it\\\/wp-content\\\/uploads\\\/2023\\\/11\\\/bambina-scomparsa-firenze-mamma-di-kata-.jpg\",\"articleSection\":[\"Attualit\u00e0\",\"Attualit\u00e0\",\"Societ\u00e0\"],\"inLanguage\":\"it-IT\",\"potentialAction\":[{\"@type\":\"CommentAction\",\"name\":\"Comment\",\"target\":[\"https:\\\/\\\/bazzing.it\\\/?p=17685#respond\"]}]},{\"@type\":\"WebPage\",\"@id\":\"https:\\\/\\\/bazzing.it\\\/?p=17685\",\"url\":\"https:\\\/\\\/bazzing.it\\\/?p=17685\",\"name\":\"Kata, la terribile notizia sulla madre: chi ha accoltellato - Bazzing\",\"isPartOf\":{\"@id\":\"https:\\\/\\\/bazzing.it\\\/#website\"},\"primaryImageOfPage\":{\"@id\":\"https:\\\/\\\/bazzing.it\\\/?p=17685#primaryimage\"},\"image\":{\"@id\":\"https:\\\/\\\/bazzing.it\\\/?p=17685#primaryimage\"},\"thumbnailUrl\":\"https:\\\/\\\/bazzing.it\\\/wp-content\\\/uploads\\\/2023\\\/11\\\/bambina-scomparsa-firenze-mamma-di-kata-.jpg\",\"datePublished\":\"2023-11-20T20:54:45+00:00\",\"description\":\"Questa \u00e8 la tragica storia di Katherine Alvarez, madre di Kata, e degli ultimi sviluppi nel caso della piccola Kata.\",\"breadcrumb\":{\"@id\":\"https:\\\/\\\/bazzing.it\\\/?p=17685#breadcrumb\"},\"inLanguage\":\"it-IT\",\"potentialAction\":[{\"@type\":\"ReadAction\",\"target\":[\"https:\\\/\\\/bazzing.it\\\/?p=17685\"]}]},{\"@type\":\"ImageObject\",\"inLanguage\":\"it-IT\",\"@id\":\"https:\\\/\\\/bazzing.it\\\/?p=17685#primaryimage\",\"url\":\"https:\\\/\\\/bazzing.it\\\/wp-content\\\/uploads\\\/2023\\\/11\\\/bambina-scomparsa-firenze-mamma-di-kata-.jpg\",\"contentUrl\":\"https:\\\/\\\/bazzing.it\\\/wp-content\\\/uploads\\\/2023\\\/11\\\/bambina-scomparsa-firenze-mamma-di-kata-.jpg\",\"width\":1200,\"height\":679},{\"@type\":\"BreadcrumbList\",\"@id\":\"https:\\\/\\\/bazzing.it\\\/?p=17685#breadcrumb\",\"itemListElement\":[{\"@type\":\"ListItem\",\"position\":1,\"name\":\"Home\",\"item\":\"https:\\\/\\\/bazzing.it\\\/\"},{\"@type\":\"ListItem\",\"position\":2,\"name\":\"Kata, la terribile notizia sulla madre: chi ha accoltellato\"}]},{\"@type\":\"WebSite\",\"@id\":\"https:\\\/\\\/bazzing.it\\\/#website\",\"url\":\"https:\\\/\\\/bazzing.it\\\/\",\"name\":\"Bazzing\",\"description\":\"Divulga le tue news, comunicati stampa e informazioni\",\"publisher\":{\"@id\":\"https:\\\/\\\/bazzing.it\\\/#organization\"},\"potentialAction\":[{\"@type\":\"SearchAction\",\"target\":{\"@type\":\"EntryPoint\",\"urlTemplate\":\"https:\\\/\\\/bazzing.it\\\/?s={search_term_string}\"},\"query-input\":{\"@type\":\"PropertyValueSpecification\",\"valueRequired\":true,\"valueName\":\"search_term_string\"}}],\"inLanguage\":\"it-IT\"},{\"@type\":\"Organization\",\"@id\":\"https:\\\/\\\/bazzing.it\\\/#organization\",\"name\":\"Bazzing\",\"url\":\"https:\\\/\\\/bazzing.it\\\/\",\"logo\":{\"@type\":\"ImageObject\",\"inLanguage\":\"it-IT\",\"@id\":\"https:\\\/\\\/bazzing.it\\\/#\\\/schema\\\/logo\\\/image\\\/\",\"url\":\"https:\\\/\\\/bazzing.it\\\/wp-content\\\/uploads\\\/2019\\\/05\\\/logo_transparent.png\",\"contentUrl\":\"https:\\\/\\\/bazzing.it\\\/wp-content\\\/uploads\\\/2019\\\/05\\\/logo_transparent.png\",\"width\":1200,\"height\":1200,\"caption\":\"Bazzing\"},\"image\":{\"@id\":\"https:\\\/\\\/bazzing.it\\\/#\\\/schema\\\/logo\\\/image\\\/\"},\"sameAs\":[\"https:\\\/\\\/www.facebook.com\\\/Bazzing-2292086231012702\\\/\",\"https:\\\/\\\/www.instagram.com\\\/bazzing.it\\\/\"]},{\"@type\":\"Person\",\"@id\":\"https:\\\/\\\/bazzing.it\\\/#\\\/schema\\\/person\\\/6d4820d51e327fd66932d79d533510de\",\"name\":\"Simone\",\"image\":{\"@type\":\"ImageObject\",\"inLanguage\":\"it-IT\",\"@id\":\"https:\\\/\\\/secure.gravatar.com\\\/avatar\\\/732052504ad1fca89e63710f32a07986d0c361cea4d2c20386c7ab9cc1a0276e?s=96&d=mm&r=g\",\"url\":\"https:\\\/\\\/secure.gravatar.com\\\/avatar\\\/732052504ad1fca89e63710f32a07986d0c361cea4d2c20386c7ab9cc1a0276e?s=96&d=mm&r=g\",\"contentUrl\":\"https:\\\/\\\/secure.gravatar.com\\\/avatar\\\/732052504ad1fca89e63710f32a07986d0c361cea4d2c20386c7ab9cc1a0276e?s=96&d=mm&r=g\",\"caption\":\"Simone\"},\"url\":\"https:\\\/\\\/bazzing.it\\\/?author=62\"}]}<\/script>\n<!-- \/ Yoast SEO plugin. -->","yoast_head_json":{"title":"Kata, la terribile notizia sulla madre: chi ha accoltellato - Bazzing","description":"Questa \u00e8 la tragica storia di Katherine Alvarez, madre di Kata, e degli ultimi sviluppi nel caso della piccola Kata.","robots":{"index":"index","follow":"follow","max-snippet":"max-snippet:-1","max-image-preview":"max-image-preview:large","max-video-preview":"max-video-preview:-1"},"canonical":"https:\/\/bazzing.it\/?p=17685","og_locale":"it_IT","og_type":"article","og_title":"Kata, la terribile notizia sulla madre: chi ha accoltellato","og_description":"\u201cL\u2019ha accoltellata\u201d. Piccola Kata, la terribile notizia sulla madre \u00e8 appena arrivata: per dif\u2026Altro\u2026","og_url":"https:\/\/bazzing.it\/?p=17685","og_site_name":"Bazzing","article_publisher":"https:\/\/www.facebook.com\/Bazzing-2292086231012702\/","article_published_time":"2023-11-20T20:54:45+00:00","og_image":[{"width":2048,"height":1824,"url":"https:\/\/bazzing.it\/wp-content\/uploads\/2023\/11\/402571964_782448220594644_2198034222696961348_n.jpg","type":"image\/jpeg"}],"author":"Simone","twitter_card":"summary_large_image","twitter_misc":{"Scritto da":"Simone","Tempo di lettura stimato":"3 minuti"},"schema":{"@context":"https:\/\/schema.org","@graph":[{"@type":"Article","@id":"https:\/\/bazzing.it\/?p=17685#article","isPartOf":{"@id":"https:\/\/bazzing.it\/?p=17685"},"author":{"name":"Simone","@id":"https:\/\/bazzing.it\/#\/schema\/person\/6d4820d51e327fd66932d79d533510de"},"headline":"Kata, la terribile notizia sulla madre: chi ha accoltellato","datePublished":"2023-11-20T20:54:45+00:00","mainEntityOfPage":{"@id":"https:\/\/bazzing.it\/?p=17685"},"wordCount":402,"commentCount":0,"publisher":{"@id":"https:\/\/bazzing.it\/#organization"},"image":{"@id":"https:\/\/bazzing.it\/?p=17685#primaryimage"},"thumbnailUrl":"https:\/\/bazzing.it\/wp-content\/uploads\/2023\/11\/bambina-scomparsa-firenze-mamma-di-kata-.jpg","articleSection":["Attualit\u00e0","Attualit\u00e0","Societ\u00e0"],"inLanguage":"it-IT","potentialAction":[{"@type":"CommentAction","name":"Comment","target":["https:\/\/bazzing.it\/?p=17685#respond"]}]},{"@type":"WebPage","@id":"https:\/\/bazzing.it\/?p=17685","url":"https:\/\/bazzing.it\/?p=17685","name":"Kata, la terribile notizia sulla madre: chi ha accoltellato - Bazzing","isPartOf":{"@id":"https:\/\/bazzing.it\/#website"},"primaryImageOfPage":{"@id":"https:\/\/bazzing.it\/?p=17685#primaryimage"},"image":{"@id":"https:\/\/bazzing.it\/?p=17685#primaryimage"},"thumbnailUrl":"https:\/\/bazzing.it\/wp-content\/uploads\/2023\/11\/bambina-scomparsa-firenze-mamma-di-kata-.jpg","datePublished":"2023-11-20T20:54:45+00:00","description":"Questa \u00e8 la tragica storia di Katherine Alvarez, madre di Kata, e degli ultimi sviluppi nel caso della piccola Kata.","breadcrumb":{"@id":"https:\/\/bazzing.it\/?p=17685#breadcrumb"},"inLanguage":"it-IT","potentialAction":[{"@type":"ReadAction","target":["https:\/\/bazzing.it\/?p=17685"]}]},{"@type":"ImageObject","inLanguage":"it-IT","@id":"https:\/\/bazzing.it\/?p=17685#primaryimage","url":"https:\/\/bazzing.it\/wp-content\/uploads\/2023\/11\/bambina-scomparsa-firenze-mamma-di-kata-.jpg","contentUrl":"https:\/\/bazzing.it\/wp-content\/uploads\/2023\/11\/bambina-scomparsa-firenze-mamma-di-kata-.jpg","width":1200,"height":679},{"@type":"BreadcrumbList","@id":"https:\/\/bazzing.it\/?p=17685#breadcrumb","itemListElement":[{"@type":"ListItem","position":1,"name":"Home","item":"https:\/\/bazzing.it\/"},{"@type":"ListItem","position":2,"name":"Kata, la terribile notizia sulla madre: chi ha accoltellato"}]},{"@type":"WebSite","@id":"https:\/\/bazzing.it\/#website","url":"https:\/\/bazzing.it\/","name":"Bazzing","description":"Divulga le tue news, comunicati stampa e informazioni","publisher":{"@id":"https:\/\/bazzing.it\/#organization"},"potentialAction":[{"@type":"SearchAction","target":{"@type":"EntryPoint","urlTemplate":"https:\/\/bazzing.it\/?s={search_term_string}"},"query-input":{"@type":"PropertyValueSpecification","valueRequired":true,"valueName":"search_term_string"}}],"inLanguage":"it-IT"},{"@type":"Organization","@id":"https:\/\/bazzing.it\/#organization","name":"Bazzing","url":"https:\/\/bazzing.it\/","logo":{"@type":"ImageObject","inLanguage":"it-IT","@id":"https:\/\/bazzing.it\/#\/schema\/logo\/image\/","url":"https:\/\/bazzing.it\/wp-content\/uploads\/2019\/05\/logo_transparent.png","contentUrl":"https:\/\/bazzing.it\/wp-content\/uploads\/2019\/05\/logo_transparent.png","width":1200,"height":1200,"caption":"Bazzing"},"image":{"@id":"https:\/\/bazzing.it\/#\/schema\/logo\/image\/"},"sameAs":["https:\/\/www.facebook.com\/Bazzing-2292086231012702\/","https:\/\/www.instagram.com\/bazzing.it\/"]},{"@type":"Person","@id":"https:\/\/bazzing.it\/#\/schema\/person\/6d4820d51e327fd66932d79d533510de","name":"Simone","image":{"@type":"ImageObject","inLanguage":"it-IT","@id":"https:\/\/secure.gravatar.com\/avatar\/732052504ad1fca89e63710f32a07986d0c361cea4d2c20386c7ab9cc1a0276e?s=96&d=mm&r=g","url":"https:\/\/secure.gravatar.com\/avatar\/732052504ad1fca89e63710f32a07986d0c361cea4d2c20386c7ab9cc1a0276e?s=96&d=mm&r=g","contentUrl":"https:\/\/secure.gravatar.com\/avatar\/732052504ad1fca89e63710f32a07986d0c361cea4d2c20386c7ab9cc1a0276e?s=96&d=mm&r=g","caption":"Simone"},"url":"https:\/\/bazzing.it\/?author=62"}]}},"_links":{"self":[{"href":"https:\/\/bazzing.it\/index.php?rest_route=\/wp\/v2\/posts\/17685","targetHints":{"allow":["GET"]}}],"collection":[{"href":"https:\/\/bazzing.it\/index.php?rest_route=\/wp\/v2\/posts"}],"about":[{"href":"https:\/\/bazzing.it\/index.php?rest_route=\/wp\/v2\/types\/post"}],"author":[{"embeddable":true,"href":"https:\/\/bazzing.it\/index.php?rest_route=\/wp\/v2\/users\/62"}],"replies":[{"embeddable":true,"href":"https:\/\/bazzing.it\/index.php?rest_route=%2Fwp%2Fv2%2Fcomments&post=17685"}],"version-history":[{"count":1,"href":"https:\/\/bazzing.it\/index.php?rest_route=\/wp\/v2\/posts\/17685\/revisions"}],"predecessor-version":[{"id":17690,"href":"https:\/\/bazzing.it\/index.php?rest_route=\/wp\/v2\/posts\/17685\/revisions\/17690"}],"wp:featuredmedia":[{"embeddable":true,"href":"https:\/\/bazzing.it\/index.php?rest_route=\/wp\/v2\/media\/17687"}],"wp:attachment":[{"href":"https:\/\/bazzing.it\/index.php?rest_route=%2Fwp%2Fv2%2Fmedia&parent=17685"}],"wp:term":[{"taxonomy":"category","embeddable":true,"href":"https:\/\/bazzing.it\/index.php?rest_route=%2Fwp%2Fv2%2Fcategories&post=17685"},{"taxonomy":"post_tag","embeddable":true,"href":"https:\/\/bazzing.it\/index.php?rest_route=%2Fwp%2Fv2%2Ftags&post=17685"}],"curies":[{"name":"wp","href":"https:\/\/api.w.org\/{rel}","templated":true}]}}