{"id":17746,"date":"2023-11-23T12:56:10","date_gmt":"2023-11-23T11:56:10","guid":{"rendered":"https:\/\/www.bazzing.it\/?p=17746"},"modified":"2023-11-23T13:13:26","modified_gmt":"2023-11-23T12:13:26","slug":"la-sorella-di-giulia-e-li-il-vero-male-un-altro-leghista-attacca-elena-cecchettin","status":"publish","type":"post","link":"https:\/\/bazzing.it\/?p=17746","title":{"rendered":"&#8220;La sorella di Giulia? \u00c8 l\u00ec il vero male&#8221;, un altro leghista attacca Elena Cecchettin"},"content":{"rendered":"<p>Il 21 novembre 2023, il panorama politico italiano \u00e8 stato scosso da una polemica inaspettata. Matteo Montevecchi, consigliere regionale della Lega in Emilia-Romagna, ha lanciato un attacco verbale contro Elena Cecchettin, sorella di Giulia Cecchettin, tragicamente uccisa. Le parole di Montevecchi, diffuse attraverso un post su Facebook, hanno rapidamente acceso un dibattito acceso e polarizzato.<\/p>\n<h2>Le Accuse di Montevecchi<\/h2>\n<p>Montevecchi ha criticato aspramente Elena Cecchettin per le sue dichiarazioni sulla violenza di genere e il patriarcato. Ha etichettato le sue parole come &#8220;inaccettabili&#8221; e &#8220;propaganda divisiva&#8221;. La critica si \u00e8 estesa oltre il contenuto delle parole della Cecchettin, arrivando a mettere in discussione anche la sua immagine pubblica. Montevecchi ha sottolineato l&#8217;uso di simboli che lui interpreta come satanisti, come un pentacolo e croci rovesciate, nelle foto di Elena.<\/p>\n<p><img fetchpriority=\"high\" decoding=\"async\" class=\"alignnone size-medium wp-image-17747\" src=\"http:\/\/www.bazzing.it\/wp-content\/uploads\/2023\/11\/WhatsApp-Image-2023-11-18-at-17.34.10-300x200.jpeg\" alt=\"\" width=\"300\" height=\"200\" srcset=\"https:\/\/bazzing.it\/wp-content\/uploads\/2023\/11\/WhatsApp-Image-2023-11-18-at-17.34.10-300x200.jpeg 300w, https:\/\/bazzing.it\/wp-content\/uploads\/2023\/11\/WhatsApp-Image-2023-11-18-at-17.34.10-1024x682.jpeg 1024w, https:\/\/bazzing.it\/wp-content\/uploads\/2023\/11\/WhatsApp-Image-2023-11-18-at-17.34.10-768x512.jpeg 768w, https:\/\/bazzing.it\/wp-content\/uploads\/2023\/11\/WhatsApp-Image-2023-11-18-at-17.34.10-1536x1023.jpeg 1536w, https:\/\/bazzing.it\/wp-content\/uploads\/2023\/11\/WhatsApp-Image-2023-11-18-at-17.34.10-696x464.jpeg 696w, https:\/\/bazzing.it\/wp-content\/uploads\/2023\/11\/WhatsApp-Image-2023-11-18-at-17.34.10-1068x712.jpeg 1068w, https:\/\/bazzing.it\/wp-content\/uploads\/2023\/11\/WhatsApp-Image-2023-11-18-at-17.34.10-630x420.jpeg 630w, https:\/\/bazzing.it\/wp-content\/uploads\/2023\/11\/WhatsApp-Image-2023-11-18-at-17.34.10.jpeg 1600w\" sizes=\"(max-width: 300px) 100vw, 300px\" \/><\/p>\n<h2>La Difesa di Elena<\/h2>\n<p>Elena Cecchettin, da parte sua, ha mantenuto una posizione ferma sulle sue affermazioni. Le sue parole, che hanno scatenato la reazione di Montevecchi, riguardavano la violenza di genere e la negazione dell&#8217;esistenza di un patriarcato.<\/p>\n<p>Questa polemica non \u00e8 isolata ma si inserisce in un contesto pi\u00f9 ampio che coinvolge la politica italiana. Altri politici, come Stefano Valdegamberi, consigliere regionale del Veneto, hanno affrontato temi simili, sollevando questioni riguardanti l&#8217;ideologia di genere e la divisione tra uomini e donne nella societ\u00e0.<\/p>\n<blockquote class=\"instagram-media\" style=\"background: #FFF; border: 0; border-radius: 3px; box-shadow: 0 0 1px 0 rgba(0,0,0,0.5),0 1px 10px 0 rgba(0,0,0,0.15); margin: 1px; max-width: 540px; min-width: 326px; padding: 0; width: calc(100% - 2px);\" data-instgrm-captioned=\"\" data-instgrm-permalink=\"https:\/\/www.instagram.com\/p\/Cz6Iyxro1cN\/?utm_source=ig_embed&amp;utm_campaign=loading\" data-instgrm-version=\"14\">\n<div style=\"padding: 16px;\">\n<p>&nbsp;<\/p>\n<div style=\"display: flex; flex-direction: row; align-items: center;\">\n<div style=\"background-color: #f4f4f4; border-radius: 50%; flex-grow: 0; height: 40px; margin-right: 14px; width: 40px;\"><\/div>\n<div style=\"display: flex; flex-direction: column; flex-grow: 1; justify-content: center;\">\n<div style=\"background-color: #f4f4f4; border-radius: 4px; flex-grow: 0; height: 14px; margin-bottom: 6px; width: 100px;\"><\/div>\n<div style=\"background-color: #f4f4f4; border-radius: 4px; flex-grow: 0; height: 14px; width: 60px;\"><\/div>\n<\/div>\n<\/div>\n<div style=\"padding: 19% 0;\"><\/div>\n<div style=\"display: block; height: 50px; margin: 0 auto 12px; width: 50px;\"><\/div>\n<div style=\"padding-top: 8px;\">\n<div style=\"color: #3897f0; font-family: Arial,sans-serif; font-size: 14px; font-style: normal; font-weight: 550; line-height: 18px;\">Visualizza questo post su Instagram<\/div>\n<\/div>\n<div style=\"padding: 12.5% 0;\"><\/div>\n<div style=\"display: flex; flex-direction: row; margin-bottom: 14px; align-items: center;\">\n<div>\n<div style=\"background-color: #f4f4f4; border-radius: 50%; height: 12.5px; width: 12.5px; transform: translateX(0px) translateY(7px);\"><\/div>\n<div style=\"background-color: #f4f4f4; height: 12.5px; transform: rotate(-45deg) translateX(3px) translateY(1px); width: 12.5px; flex-grow: 0; margin-right: 14px; margin-left: 2px;\"><\/div>\n<div style=\"background-color: #f4f4f4; border-radius: 50%; height: 12.5px; width: 12.5px; transform: translateX(9px) translateY(-18px);\"><\/div>\n<\/div>\n<div style=\"margin-left: 8px;\">\n<div style=\"background-color: #f4f4f4; border-radius: 50%; flex-grow: 0; height: 20px; width: 20px;\"><\/div>\n<div style=\"width: 0; height: 0; border-top: 2px solid transparent; border-left: 6px solid #f4f4f4; border-bottom: 2px solid transparent; transform: translateX(16px) translateY(-4px) rotate(30deg);\"><\/div>\n<\/div>\n<div style=\"margin-left: auto;\">\n<div style=\"width: 0px; border-top: 8px solid #F4F4F4; border-right: 8px solid transparent; transform: translateY(16px);\"><\/div>\n<div style=\"background-color: #f4f4f4; flex-grow: 0; height: 12px; width: 16px; transform: translateY(-4px);\"><\/div>\n<div style=\"width: 0; height: 0; border-top: 8px solid #F4F4F4; border-left: 8px solid transparent; transform: translateY(-4px) translateX(8px);\"><\/div>\n<\/div>\n<\/div>\n<div style=\"display: flex; flex-direction: column; flex-grow: 1; justify-content: center; margin-bottom: 24px;\">\n<div style=\"background-color: #f4f4f4; border-radius: 4px; flex-grow: 0; height: 14px; margin-bottom: 6px; width: 224px;\"><\/div>\n<div style=\"background-color: #f4f4f4; border-radius: 4px; flex-grow: 0; height: 14px; width: 144px;\"><\/div>\n<\/div>\n<p>&nbsp;<\/p>\n<p style=\"color: #c9c8cd; font-family: Arial,sans-serif; font-size: 14px; line-height: 17px; margin-bottom: 0; margin-top: 8px; overflow: hidden; padding: 8px 0 7px; text-align: center; text-overflow: ellipsis; white-space: nowrap;\"><a style=\"color: #c9c8cd; font-family: Arial,sans-serif; font-size: 14px; font-style: normal; font-weight: normal; line-height: 17px; text-decoration: none;\" href=\"https:\/\/www.instagram.com\/p\/Cz6Iyxro1cN\/?utm_source=ig_embed&amp;utm_campaign=loading\" target=\"_blank\" rel=\"noopener\">Un post condiviso da Matteo Montevecchi (@matteo.montevecchi)<\/a><\/p>\n<\/div>\n<\/blockquote>\n<p><script async src=\"\/\/www.instagram.com\/embed.js\"><\/script><\/p>\n<h2>Le Reazioni Politiche e Sociali<\/h2>\n<p>La polemica ha suscitato reazioni diverse. Da un lato, ci sono stati coloro che hanno sostenuto le parole di Montevecchi, vedendo in esse una critica legittima all&#8217;ideologia &#8220;woke&#8221;. Dall&#8217;altro, molti hanno condannato le sue affermazioni, considerandole un attacco ingiustificato e una distorsione della realt\u00e0. Silvia Piccinini, consigliera regionale M5s in Emilia-Romagna, ha definito le dichiarazioni di Montevecchi &#8220;vergognose&#8221;, chiedendo provvedimenti contro di lui.<\/p>\n<h3>Riflessioni Finali<\/h3>\n<p>La polemica tra Elena Cecchettin e Matteo Montevecchi apre una finestra su temi complessi e delicati che riguardano la societ\u00e0 italiana. Questo episodio solleva interrogativi sulla libert\u00e0 di espressione, sull&#8217;interpretazione dei simboli culturali e sulla natura del dibattito politico in Italia. \u00c8 evidente che la questione va oltre i singoli individui coinvolti, toccando corde profonde legate all&#8217;identit\u00e0 di genere, alla politica e alla cultura.<\/p>\n","protected":false},"excerpt":{"rendered":"<p>Il 21 novembre 2023, il panorama politico italiano \u00e8 stato scosso da una polemica inaspettata. Matteo Montevecchi, consigliere regionale della Lega in Emilia-Romagna, ha lanciato un attacco verbale contro Elena Cecchettin, sorella di Giulia Cecchettin, tragicamente uccisa. Le parole di Montevecchi, diffuse attraverso un post su Facebook, hanno rapidamente acceso un dibattito acceso e polarizzato. [&hellip;]<\/p>\n","protected":false},"author":62,"featured_media":17748,"comment_status":"open","ping_status":"closed","sticky":false,"template":"","format":"standard","meta":{"_monsterinsights_skip_tracking":false,"_monsterinsights_sitenote_active":false,"_monsterinsights_sitenote_note":"","_monsterinsights_sitenote_category":0,"footnotes":""},"categories":[70,59,60],"tags":[],"class_list":["post-17746","post","type-post","status-publish","format-standard","has-post-thumbnail","hentry","category-attualita-comunicati-stampa","category-attualita","category-societa"],"yoast_head":"<!-- This site is optimized with the Yoast SEO plugin v27.3 - https:\/\/yoast.com\/product\/yoast-seo-wordpress\/ -->\n<title>&quot;La sorella di Giulia? \u00c8 l\u00ec il vero male&quot;, un altro leghista attacca Elena Cecchettin - Bazzing<\/title>\n<meta name=\"description\" content=\"Ecco quali sono state le pesanti accuse mosse contro Elena Cecchettin, sorella della scomparsa Giulia, da parte di un leghista su Instagram\" \/>\n<meta name=\"robots\" content=\"index, follow, max-snippet:-1, max-image-preview:large, max-video-preview:-1\" \/>\n<link rel=\"canonical\" href=\"https:\/\/bazzing.it\/?p=17746\" \/>\n<meta property=\"og:locale\" content=\"it_IT\" \/>\n<meta property=\"og:type\" content=\"article\" \/>\n<meta property=\"og:title\" content=\"&quot;La sorella di Giulia? \u00c8 l\u00ec il vero male&quot;, un altro leghista attacca Elena Cecchettin\" \/>\n<meta property=\"og:description\" content=\"&quot;Il male \u00e8 la sorella..&quot; Un altro leghista attacca Elena Cecchettin: Cosa ha detto\u2935\ufe0f\" \/>\n<meta property=\"og:url\" content=\"https:\/\/bazzing.it\/?p=17746\" \/>\n<meta property=\"og:site_name\" content=\"Bazzing\" \/>\n<meta property=\"article:publisher\" content=\"https:\/\/www.facebook.com\/Bazzing-2292086231012702\/\" \/>\n<meta property=\"article:published_time\" content=\"2023-11-23T11:56:10+00:00\" \/>\n<meta property=\"article:modified_time\" content=\"2023-11-23T12:13:26+00:00\" \/>\n<meta property=\"og:image\" content=\"https:\/\/bazzing.it\/wp-content\/uploads\/2023\/11\/402659861_783538123818987_8289327529879667847_n.jpg\" \/>\n\t<meta property=\"og:image:width\" content=\"1080\" \/>\n\t<meta property=\"og:image:height\" content=\"1080\" \/>\n\t<meta property=\"og:image:type\" content=\"image\/jpeg\" \/>\n<meta name=\"author\" content=\"Simone\" \/>\n<meta name=\"twitter:card\" content=\"summary_large_image\" \/>\n<meta name=\"twitter:label1\" content=\"Scritto da\" \/>\n\t<meta name=\"twitter:data1\" content=\"Simone\" \/>\n\t<meta name=\"twitter:label2\" content=\"Tempo di lettura stimato\" \/>\n\t<meta name=\"twitter:data2\" content=\"3 minuti\" \/>\n<script type=\"application\/ld+json\" class=\"yoast-schema-graph\">{\"@context\":\"https:\\\/\\\/schema.org\",\"@graph\":[{\"@type\":\"Article\",\"@id\":\"https:\\\/\\\/bazzing.it\\\/?p=17746#article\",\"isPartOf\":{\"@id\":\"https:\\\/\\\/bazzing.it\\\/?p=17746\"},\"author\":{\"name\":\"Simone\",\"@id\":\"https:\\\/\\\/bazzing.it\\\/#\\\/schema\\\/person\\\/6d4820d51e327fd66932d79d533510de\"},\"headline\":\"&#8220;La sorella di Giulia? \u00c8 l\u00ec il vero male&#8221;, un altro leghista attacca Elena Cecchettin\",\"datePublished\":\"2023-11-23T11:56:10+00:00\",\"dateModified\":\"2023-11-23T12:13:26+00:00\",\"mainEntityOfPage\":{\"@id\":\"https:\\\/\\\/bazzing.it\\\/?p=17746\"},\"wordCount\":379,\"commentCount\":0,\"publisher\":{\"@id\":\"https:\\\/\\\/bazzing.it\\\/#organization\"},\"image\":{\"@id\":\"https:\\\/\\\/bazzing.it\\\/?p=17746#primaryimage\"},\"thumbnailUrl\":\"https:\\\/\\\/bazzing.it\\\/wp-content\\\/uploads\\\/2023\\\/11\\\/923673-thumb-full-720-201123_elena_cecchettin.jpg\",\"articleSection\":[\"Attualit\u00e0\",\"Attualit\u00e0\",\"Societ\u00e0\"],\"inLanguage\":\"it-IT\",\"potentialAction\":[{\"@type\":\"CommentAction\",\"name\":\"Comment\",\"target\":[\"https:\\\/\\\/bazzing.it\\\/?p=17746#respond\"]}]},{\"@type\":\"WebPage\",\"@id\":\"https:\\\/\\\/bazzing.it\\\/?p=17746\",\"url\":\"https:\\\/\\\/bazzing.it\\\/?p=17746\",\"name\":\"\\\"La sorella di Giulia? \u00c8 l\u00ec il vero male\\\", un altro leghista attacca Elena Cecchettin - Bazzing\",\"isPartOf\":{\"@id\":\"https:\\\/\\\/bazzing.it\\\/#website\"},\"primaryImageOfPage\":{\"@id\":\"https:\\\/\\\/bazzing.it\\\/?p=17746#primaryimage\"},\"image\":{\"@id\":\"https:\\\/\\\/bazzing.it\\\/?p=17746#primaryimage\"},\"thumbnailUrl\":\"https:\\\/\\\/bazzing.it\\\/wp-content\\\/uploads\\\/2023\\\/11\\\/923673-thumb-full-720-201123_elena_cecchettin.jpg\",\"datePublished\":\"2023-11-23T11:56:10+00:00\",\"dateModified\":\"2023-11-23T12:13:26+00:00\",\"description\":\"Ecco quali sono state le pesanti accuse mosse contro Elena Cecchettin, sorella della scomparsa Giulia, da parte di un leghista su Instagram\",\"breadcrumb\":{\"@id\":\"https:\\\/\\\/bazzing.it\\\/?p=17746#breadcrumb\"},\"inLanguage\":\"it-IT\",\"potentialAction\":[{\"@type\":\"ReadAction\",\"target\":[\"https:\\\/\\\/bazzing.it\\\/?p=17746\"]}]},{\"@type\":\"ImageObject\",\"inLanguage\":\"it-IT\",\"@id\":\"https:\\\/\\\/bazzing.it\\\/?p=17746#primaryimage\",\"url\":\"https:\\\/\\\/bazzing.it\\\/wp-content\\\/uploads\\\/2023\\\/11\\\/923673-thumb-full-720-201123_elena_cecchettin.jpg\",\"contentUrl\":\"https:\\\/\\\/bazzing.it\\\/wp-content\\\/uploads\\\/2023\\\/11\\\/923673-thumb-full-720-201123_elena_cecchettin.jpg\",\"width\":1280,\"height\":720},{\"@type\":\"BreadcrumbList\",\"@id\":\"https:\\\/\\\/bazzing.it\\\/?p=17746#breadcrumb\",\"itemListElement\":[{\"@type\":\"ListItem\",\"position\":1,\"name\":\"Home\",\"item\":\"https:\\\/\\\/bazzing.it\\\/\"},{\"@type\":\"ListItem\",\"position\":2,\"name\":\"&#8220;La sorella di Giulia? \u00c8 l\u00ec il vero male&#8221;, un altro leghista attacca Elena Cecchettin\"}]},{\"@type\":\"WebSite\",\"@id\":\"https:\\\/\\\/bazzing.it\\\/#website\",\"url\":\"https:\\\/\\\/bazzing.it\\\/\",\"name\":\"Bazzing\",\"description\":\"Divulga le tue news, comunicati stampa e informazioni\",\"publisher\":{\"@id\":\"https:\\\/\\\/bazzing.it\\\/#organization\"},\"potentialAction\":[{\"@type\":\"SearchAction\",\"target\":{\"@type\":\"EntryPoint\",\"urlTemplate\":\"https:\\\/\\\/bazzing.it\\\/?s={search_term_string}\"},\"query-input\":{\"@type\":\"PropertyValueSpecification\",\"valueRequired\":true,\"valueName\":\"search_term_string\"}}],\"inLanguage\":\"it-IT\"},{\"@type\":\"Organization\",\"@id\":\"https:\\\/\\\/bazzing.it\\\/#organization\",\"name\":\"Bazzing\",\"url\":\"https:\\\/\\\/bazzing.it\\\/\",\"logo\":{\"@type\":\"ImageObject\",\"inLanguage\":\"it-IT\",\"@id\":\"https:\\\/\\\/bazzing.it\\\/#\\\/schema\\\/logo\\\/image\\\/\",\"url\":\"https:\\\/\\\/bazzing.it\\\/wp-content\\\/uploads\\\/2019\\\/05\\\/logo_transparent.png\",\"contentUrl\":\"https:\\\/\\\/bazzing.it\\\/wp-content\\\/uploads\\\/2019\\\/05\\\/logo_transparent.png\",\"width\":1200,\"height\":1200,\"caption\":\"Bazzing\"},\"image\":{\"@id\":\"https:\\\/\\\/bazzing.it\\\/#\\\/schema\\\/logo\\\/image\\\/\"},\"sameAs\":[\"https:\\\/\\\/www.facebook.com\\\/Bazzing-2292086231012702\\\/\",\"https:\\\/\\\/www.instagram.com\\\/bazzing.it\\\/\"]},{\"@type\":\"Person\",\"@id\":\"https:\\\/\\\/bazzing.it\\\/#\\\/schema\\\/person\\\/6d4820d51e327fd66932d79d533510de\",\"name\":\"Simone\",\"image\":{\"@type\":\"ImageObject\",\"inLanguage\":\"it-IT\",\"@id\":\"https:\\\/\\\/secure.gravatar.com\\\/avatar\\\/732052504ad1fca89e63710f32a07986d0c361cea4d2c20386c7ab9cc1a0276e?s=96&d=mm&r=g\",\"url\":\"https:\\\/\\\/secure.gravatar.com\\\/avatar\\\/732052504ad1fca89e63710f32a07986d0c361cea4d2c20386c7ab9cc1a0276e?s=96&d=mm&r=g\",\"contentUrl\":\"https:\\\/\\\/secure.gravatar.com\\\/avatar\\\/732052504ad1fca89e63710f32a07986d0c361cea4d2c20386c7ab9cc1a0276e?s=96&d=mm&r=g\",\"caption\":\"Simone\"},\"url\":\"https:\\\/\\\/bazzing.it\\\/?author=62\"}]}<\/script>\n<!-- \/ Yoast SEO plugin. -->","yoast_head_json":{"title":"\"La sorella di Giulia? \u00c8 l\u00ec il vero male\", un altro leghista attacca Elena Cecchettin - Bazzing","description":"Ecco quali sono state le pesanti accuse mosse contro Elena Cecchettin, sorella della scomparsa Giulia, da parte di un leghista su Instagram","robots":{"index":"index","follow":"follow","max-snippet":"max-snippet:-1","max-image-preview":"max-image-preview:large","max-video-preview":"max-video-preview:-1"},"canonical":"https:\/\/bazzing.it\/?p=17746","og_locale":"it_IT","og_type":"article","og_title":"\"La sorella di Giulia? \u00c8 l\u00ec il vero male\", un altro leghista attacca Elena Cecchettin","og_description":"\"Il male \u00e8 la sorella..\" Un altro leghista attacca Elena Cecchettin: Cosa ha detto\u2935\ufe0f","og_url":"https:\/\/bazzing.it\/?p=17746","og_site_name":"Bazzing","article_publisher":"https:\/\/www.facebook.com\/Bazzing-2292086231012702\/","article_published_time":"2023-11-23T11:56:10+00:00","article_modified_time":"2023-11-23T12:13:26+00:00","og_image":[{"width":1080,"height":1080,"url":"https:\/\/bazzing.it\/wp-content\/uploads\/2023\/11\/402659861_783538123818987_8289327529879667847_n.jpg","type":"image\/jpeg"}],"author":"Simone","twitter_card":"summary_large_image","twitter_misc":{"Scritto da":"Simone","Tempo di lettura stimato":"3 minuti"},"schema":{"@context":"https:\/\/schema.org","@graph":[{"@type":"Article","@id":"https:\/\/bazzing.it\/?p=17746#article","isPartOf":{"@id":"https:\/\/bazzing.it\/?p=17746"},"author":{"name":"Simone","@id":"https:\/\/bazzing.it\/#\/schema\/person\/6d4820d51e327fd66932d79d533510de"},"headline":"&#8220;La sorella di Giulia? \u00c8 l\u00ec il vero male&#8221;, un altro leghista attacca Elena Cecchettin","datePublished":"2023-11-23T11:56:10+00:00","dateModified":"2023-11-23T12:13:26+00:00","mainEntityOfPage":{"@id":"https:\/\/bazzing.it\/?p=17746"},"wordCount":379,"commentCount":0,"publisher":{"@id":"https:\/\/bazzing.it\/#organization"},"image":{"@id":"https:\/\/bazzing.it\/?p=17746#primaryimage"},"thumbnailUrl":"https:\/\/bazzing.it\/wp-content\/uploads\/2023\/11\/923673-thumb-full-720-201123_elena_cecchettin.jpg","articleSection":["Attualit\u00e0","Attualit\u00e0","Societ\u00e0"],"inLanguage":"it-IT","potentialAction":[{"@type":"CommentAction","name":"Comment","target":["https:\/\/bazzing.it\/?p=17746#respond"]}]},{"@type":"WebPage","@id":"https:\/\/bazzing.it\/?p=17746","url":"https:\/\/bazzing.it\/?p=17746","name":"\"La sorella di Giulia? \u00c8 l\u00ec il vero male\", un altro leghista attacca Elena Cecchettin - Bazzing","isPartOf":{"@id":"https:\/\/bazzing.it\/#website"},"primaryImageOfPage":{"@id":"https:\/\/bazzing.it\/?p=17746#primaryimage"},"image":{"@id":"https:\/\/bazzing.it\/?p=17746#primaryimage"},"thumbnailUrl":"https:\/\/bazzing.it\/wp-content\/uploads\/2023\/11\/923673-thumb-full-720-201123_elena_cecchettin.jpg","datePublished":"2023-11-23T11:56:10+00:00","dateModified":"2023-11-23T12:13:26+00:00","description":"Ecco quali sono state le pesanti accuse mosse contro Elena Cecchettin, sorella della scomparsa Giulia, da parte di un leghista su Instagram","breadcrumb":{"@id":"https:\/\/bazzing.it\/?p=17746#breadcrumb"},"inLanguage":"it-IT","potentialAction":[{"@type":"ReadAction","target":["https:\/\/bazzing.it\/?p=17746"]}]},{"@type":"ImageObject","inLanguage":"it-IT","@id":"https:\/\/bazzing.it\/?p=17746#primaryimage","url":"https:\/\/bazzing.it\/wp-content\/uploads\/2023\/11\/923673-thumb-full-720-201123_elena_cecchettin.jpg","contentUrl":"https:\/\/bazzing.it\/wp-content\/uploads\/2023\/11\/923673-thumb-full-720-201123_elena_cecchettin.jpg","width":1280,"height":720},{"@type":"BreadcrumbList","@id":"https:\/\/bazzing.it\/?p=17746#breadcrumb","itemListElement":[{"@type":"ListItem","position":1,"name":"Home","item":"https:\/\/bazzing.it\/"},{"@type":"ListItem","position":2,"name":"&#8220;La sorella di Giulia? \u00c8 l\u00ec il vero male&#8221;, un altro leghista attacca Elena Cecchettin"}]},{"@type":"WebSite","@id":"https:\/\/bazzing.it\/#website","url":"https:\/\/bazzing.it\/","name":"Bazzing","description":"Divulga le tue news, comunicati stampa e informazioni","publisher":{"@id":"https:\/\/bazzing.it\/#organization"},"potentialAction":[{"@type":"SearchAction","target":{"@type":"EntryPoint","urlTemplate":"https:\/\/bazzing.it\/?s={search_term_string}"},"query-input":{"@type":"PropertyValueSpecification","valueRequired":true,"valueName":"search_term_string"}}],"inLanguage":"it-IT"},{"@type":"Organization","@id":"https:\/\/bazzing.it\/#organization","name":"Bazzing","url":"https:\/\/bazzing.it\/","logo":{"@type":"ImageObject","inLanguage":"it-IT","@id":"https:\/\/bazzing.it\/#\/schema\/logo\/image\/","url":"https:\/\/bazzing.it\/wp-content\/uploads\/2019\/05\/logo_transparent.png","contentUrl":"https:\/\/bazzing.it\/wp-content\/uploads\/2019\/05\/logo_transparent.png","width":1200,"height":1200,"caption":"Bazzing"},"image":{"@id":"https:\/\/bazzing.it\/#\/schema\/logo\/image\/"},"sameAs":["https:\/\/www.facebook.com\/Bazzing-2292086231012702\/","https:\/\/www.instagram.com\/bazzing.it\/"]},{"@type":"Person","@id":"https:\/\/bazzing.it\/#\/schema\/person\/6d4820d51e327fd66932d79d533510de","name":"Simone","image":{"@type":"ImageObject","inLanguage":"it-IT","@id":"https:\/\/secure.gravatar.com\/avatar\/732052504ad1fca89e63710f32a07986d0c361cea4d2c20386c7ab9cc1a0276e?s=96&d=mm&r=g","url":"https:\/\/secure.gravatar.com\/avatar\/732052504ad1fca89e63710f32a07986d0c361cea4d2c20386c7ab9cc1a0276e?s=96&d=mm&r=g","contentUrl":"https:\/\/secure.gravatar.com\/avatar\/732052504ad1fca89e63710f32a07986d0c361cea4d2c20386c7ab9cc1a0276e?s=96&d=mm&r=g","caption":"Simone"},"url":"https:\/\/bazzing.it\/?author=62"}]}},"_links":{"self":[{"href":"https:\/\/bazzing.it\/index.php?rest_route=\/wp\/v2\/posts\/17746","targetHints":{"allow":["GET"]}}],"collection":[{"href":"https:\/\/bazzing.it\/index.php?rest_route=\/wp\/v2\/posts"}],"about":[{"href":"https:\/\/bazzing.it\/index.php?rest_route=\/wp\/v2\/types\/post"}],"author":[{"embeddable":true,"href":"https:\/\/bazzing.it\/index.php?rest_route=\/wp\/v2\/users\/62"}],"replies":[{"embeddable":true,"href":"https:\/\/bazzing.it\/index.php?rest_route=%2Fwp%2Fv2%2Fcomments&post=17746"}],"version-history":[{"count":2,"href":"https:\/\/bazzing.it\/index.php?rest_route=\/wp\/v2\/posts\/17746\/revisions"}],"predecessor-version":[{"id":17751,"href":"https:\/\/bazzing.it\/index.php?rest_route=\/wp\/v2\/posts\/17746\/revisions\/17751"}],"wp:featuredmedia":[{"embeddable":true,"href":"https:\/\/bazzing.it\/index.php?rest_route=\/wp\/v2\/media\/17748"}],"wp:attachment":[{"href":"https:\/\/bazzing.it\/index.php?rest_route=%2Fwp%2Fv2%2Fmedia&parent=17746"}],"wp:term":[{"taxonomy":"category","embeddable":true,"href":"https:\/\/bazzing.it\/index.php?rest_route=%2Fwp%2Fv2%2Fcategories&post=17746"},{"taxonomy":"post_tag","embeddable":true,"href":"https:\/\/bazzing.it\/index.php?rest_route=%2Fwp%2Fv2%2Ftags&post=17746"}],"curies":[{"name":"wp","href":"https:\/\/api.w.org\/{rel}","templated":true}]}}