{"id":17752,"date":"2023-11-23T22:02:54","date_gmt":"2023-11-23T21:02:54","guid":{"rendered":"https:\/\/www.bazzing.it\/?p=17752"},"modified":"2023-11-23T22:02:54","modified_gmt":"2023-11-23T21:02:54","slug":"filippo-turetta-la-drammatica-notizia-sul-fratello-andrea","status":"publish","type":"post","link":"https:\/\/bazzing.it\/?p=17752","title":{"rendered":"Filippo Turetta, la drammatica notizia sul fratello Andrea"},"content":{"rendered":"<p>La vicenda di Filippo Turetta e la tragica fine di Giulia Cecchettin ha scosso profondamente l&#8217;Italia. Questo articolo esplora soprattutto l&#8217;impatto devastante che quest&#8217;evento ha avuto sulla famiglia Turetta, in particolare sul fratello minore di Filippo, <em>Andrea<\/em>.<\/p>\n<h2>Il Dramma di Una Famiglia<\/h2>\n<p>Filippo Turetta, accusato dell&#8217;omicidio di Giulia Cecchettin, ha lasciato una scia di dolore e sconcerto non solo nella comunit\u00e0 ma anche nella sua famiglia. I genitori di Filippo, profondamente addolorati, hanno espresso pi\u00f9 volte il loro cordoglio alla famiglia di Giulia. La madre e il padre vivono con angoscia questi giorni, cercando di affrontare una realt\u00e0 che sembra quasi insopportabile.<\/p>\n<p><img fetchpriority=\"high\" decoding=\"async\" class=\"alignnone size-medium wp-image-17756\" src=\"http:\/\/www.bazzing.it\/wp-content\/uploads\/2023\/11\/erthd-300x225.jpeg\" alt=\"\" width=\"300\" height=\"225\" srcset=\"https:\/\/bazzing.it\/wp-content\/uploads\/2023\/11\/erthd-300x225.jpeg 300w, https:\/\/bazzing.it\/wp-content\/uploads\/2023\/11\/erthd-80x60.jpeg 80w, https:\/\/bazzing.it\/wp-content\/uploads\/2023\/11\/erthd-265x198.jpeg 265w, https:\/\/bazzing.it\/wp-content\/uploads\/2023\/11\/erthd-560x420.jpeg 560w, https:\/\/bazzing.it\/wp-content\/uploads\/2023\/11\/erthd.jpeg 656w\" sizes=\"(max-width: 300px) 100vw, 300px\" \/><\/p>\n<h2>Andrea Turetta: Un Fratello in Silenzio<\/h2>\n<p>Andrea, il fratello diciottenne di Filippo, si trova in una situazione di estrema difficolt\u00e0. Secondo quanto riportato dai genitori al <em>Corriere della Sera<\/em>, Andrea \u00e8 caduto in un silenzio assordante. La notizia dell&#8217;arresto di Filippo in Germania \u00e8 stata un duro colpo per lui.<br \/>\nNicola, il padre, ha detto ai giornalisti:<\/p>\n<p><em>&#8220;Non \u00e8 facile per lui, soffre molto. Eravamo a tavola l\u2019altra sera quando Filippo \u00e8 stato trovato. L\u2019altro mio figlio ha sentito al telegiornale che il killer era stato fermato in Germania. \u00c8 dura sentir parlare cos\u00ec di un fratello&#8221;<\/em><\/p>\n<p><img decoding=\"async\" class=\"alignnone size-medium wp-image-17755\" src=\"http:\/\/www.bazzing.it\/wp-content\/uploads\/2023\/11\/ghjmngyh-300x165.webp\" alt=\"\" width=\"300\" height=\"165\" srcset=\"https:\/\/bazzing.it\/wp-content\/uploads\/2023\/11\/ghjmngyh-300x165.webp 300w, https:\/\/bazzing.it\/wp-content\/uploads\/2023\/11\/ghjmngyh-1024x562.webp 1024w, https:\/\/bazzing.it\/wp-content\/uploads\/2023\/11\/ghjmngyh-768x421.webp 768w, https:\/\/bazzing.it\/wp-content\/uploads\/2023\/11\/ghjmngyh-696x385.webp 696w, https:\/\/bazzing.it\/wp-content\/uploads\/2023\/11\/ghjmngyh-1068x586.webp 1068w, https:\/\/bazzing.it\/wp-content\/uploads\/2023\/11\/ghjmngyh-766x420.webp 766w, https:\/\/bazzing.it\/wp-content\/uploads\/2023\/11\/ghjmngyh.webp 1280w\" sizes=\"(max-width: 300px) 100vw, 300px\" \/><\/p>\n<h3>La Difesa dei Genitori<\/h3>\n<p>I genitori di Filippo hanno affrontato anche accuse riguardanti l&#8217;educazioni impartita al figlio, affrontando chi da giorni li addita come genitori inadeguati:<\/p>\n<p><em>&#8220;Proviamo un immenso dolore per la povera Giulia. Siamo vicini alla sua famiglia, siamo devastati per quello che \u00e8 accaduto. Ci fa male vederci additare come genitori inadeguati, come una famiglia simbolo del patriarcato. Non lo siamo mai stati, non \u00e8 quello che abbiamo insegnato a nostro figlio&#8221;.<\/em><\/p>\n<p>La tragedia di Filippo e Giulia \u00e8 un dramma che ha toccato molte vite, lasciando una ferita profonda e indelebile nella famiglia Turetta, nella famiglia Cecchettin e nella comunit\u00e0. Il caso continua a suscitare domande e interrogativi che difficilmente potranno essere risolti senza le spiegazioni del protagonista in negativo.<\/p>\n","protected":false},"excerpt":{"rendered":"<p>La vicenda di Filippo Turetta e la tragica fine di Giulia Cecchettin ha scosso profondamente l&#8217;Italia. Questo articolo esplora soprattutto l&#8217;impatto devastante che quest&#8217;evento ha avuto sulla famiglia Turetta, in particolare sul fratello minore di Filippo, Andrea. Il Dramma di Una Famiglia Filippo Turetta, accusato dell&#8217;omicidio di Giulia Cecchettin, ha lasciato una scia di dolore [&hellip;]<\/p>\n","protected":false},"author":62,"featured_media":17754,"comment_status":"open","ping_status":"closed","sticky":false,"template":"","format":"standard","meta":{"_monsterinsights_skip_tracking":false,"_monsterinsights_sitenote_active":false,"_monsterinsights_sitenote_note":"","_monsterinsights_sitenote_category":0,"footnotes":""},"categories":[70,59,60],"tags":[],"class_list":["post-17752","post","type-post","status-publish","format-standard","has-post-thumbnail","hentry","category-attualita-comunicati-stampa","category-attualita","category-societa"],"yoast_head":"<!-- This site is optimized with the Yoast SEO plugin v27.3 - https:\/\/yoast.com\/product\/yoast-seo-wordpress\/ -->\n<title>Filippo Turetta, la drammatica notizia sul fratello Andrea - Bazzing<\/title>\n<meta name=\"description\" content=\"Ecco cosa \u00e8 successo in casa Turetta al momento della notizia dell&#039;arresto di Filippo. Ci\u00f2 che ha fatto il fratello ha spiazzato tutti.\" \/>\n<meta name=\"robots\" content=\"index, follow, max-snippet:-1, max-image-preview:large, max-video-preview:-1\" \/>\n<link rel=\"canonical\" href=\"https:\/\/bazzing.it\/?p=17752\" \/>\n<meta property=\"og:locale\" content=\"it_IT\" \/>\n<meta property=\"og:type\" content=\"article\" \/>\n<meta property=\"og:title\" content=\"Filippo Turetta, la drammatica notizia sul fratello Andrea\" \/>\n<meta property=\"og:description\" content=\"&quot;L&#039;altro mio figlio...&quot;. Filippo Turetta, il dramma del fratello Andrea, 18 anni appena: il pap\u00e0 Nicola ha...Altro...\" \/>\n<meta property=\"og:url\" content=\"https:\/\/bazzing.it\/?p=17752\" \/>\n<meta property=\"og:site_name\" content=\"Bazzing\" \/>\n<meta property=\"article:publisher\" content=\"https:\/\/www.facebook.com\/Bazzing-2292086231012702\/\" \/>\n<meta property=\"article:published_time\" content=\"2023-11-23T21:02:54+00:00\" \/>\n<meta property=\"og:image\" content=\"https:\/\/bazzing.it\/wp-content\/uploads\/2023\/11\/405085382_784274123745387_2225395487892393219_n.jpg\" \/>\n\t<meta property=\"og:image:width\" content=\"1000\" \/>\n\t<meta property=\"og:image:height\" content=\"1000\" \/>\n\t<meta property=\"og:image:type\" content=\"image\/jpeg\" \/>\n<meta name=\"author\" content=\"Simone\" \/>\n<meta name=\"twitter:card\" content=\"summary_large_image\" \/>\n<meta name=\"twitter:label1\" content=\"Scritto da\" \/>\n\t<meta name=\"twitter:data1\" content=\"Simone\" \/>\n\t<meta name=\"twitter:label2\" content=\"Tempo di lettura stimato\" \/>\n\t<meta name=\"twitter:data2\" content=\"3 minuti\" \/>\n<script type=\"application\/ld+json\" class=\"yoast-schema-graph\">{\"@context\":\"https:\\\/\\\/schema.org\",\"@graph\":[{\"@type\":\"Article\",\"@id\":\"https:\\\/\\\/bazzing.it\\\/?p=17752#article\",\"isPartOf\":{\"@id\":\"https:\\\/\\\/bazzing.it\\\/?p=17752\"},\"author\":{\"name\":\"Simone\",\"@id\":\"https:\\\/\\\/bazzing.it\\\/#\\\/schema\\\/person\\\/6d4820d51e327fd66932d79d533510de\"},\"headline\":\"Filippo Turetta, la drammatica notizia sul fratello Andrea\",\"datePublished\":\"2023-11-23T21:02:54+00:00\",\"mainEntityOfPage\":{\"@id\":\"https:\\\/\\\/bazzing.it\\\/?p=17752\"},\"wordCount\":330,\"commentCount\":0,\"publisher\":{\"@id\":\"https:\\\/\\\/bazzing.it\\\/#organization\"},\"image\":{\"@id\":\"https:\\\/\\\/bazzing.it\\\/?p=17752#primaryimage\"},\"thumbnailUrl\":\"https:\\\/\\\/bazzing.it\\\/wp-content\\\/uploads\\\/2023\\\/11\\\/ersghty.jpg\",\"articleSection\":[\"Attualit\u00e0\",\"Attualit\u00e0\",\"Societ\u00e0\"],\"inLanguage\":\"it-IT\",\"potentialAction\":[{\"@type\":\"CommentAction\",\"name\":\"Comment\",\"target\":[\"https:\\\/\\\/bazzing.it\\\/?p=17752#respond\"]}]},{\"@type\":\"WebPage\",\"@id\":\"https:\\\/\\\/bazzing.it\\\/?p=17752\",\"url\":\"https:\\\/\\\/bazzing.it\\\/?p=17752\",\"name\":\"Filippo Turetta, la drammatica notizia sul fratello Andrea - Bazzing\",\"isPartOf\":{\"@id\":\"https:\\\/\\\/bazzing.it\\\/#website\"},\"primaryImageOfPage\":{\"@id\":\"https:\\\/\\\/bazzing.it\\\/?p=17752#primaryimage\"},\"image\":{\"@id\":\"https:\\\/\\\/bazzing.it\\\/?p=17752#primaryimage\"},\"thumbnailUrl\":\"https:\\\/\\\/bazzing.it\\\/wp-content\\\/uploads\\\/2023\\\/11\\\/ersghty.jpg\",\"datePublished\":\"2023-11-23T21:02:54+00:00\",\"description\":\"Ecco cosa \u00e8 successo in casa Turetta al momento della notizia dell'arresto di Filippo. Ci\u00f2 che ha fatto il fratello ha spiazzato tutti.\",\"breadcrumb\":{\"@id\":\"https:\\\/\\\/bazzing.it\\\/?p=17752#breadcrumb\"},\"inLanguage\":\"it-IT\",\"potentialAction\":[{\"@type\":\"ReadAction\",\"target\":[\"https:\\\/\\\/bazzing.it\\\/?p=17752\"]}]},{\"@type\":\"ImageObject\",\"inLanguage\":\"it-IT\",\"@id\":\"https:\\\/\\\/bazzing.it\\\/?p=17752#primaryimage\",\"url\":\"https:\\\/\\\/bazzing.it\\\/wp-content\\\/uploads\\\/2023\\\/11\\\/ersghty.jpg\",\"contentUrl\":\"https:\\\/\\\/bazzing.it\\\/wp-content\\\/uploads\\\/2023\\\/11\\\/ersghty.jpg\",\"width\":1280,\"height\":719},{\"@type\":\"BreadcrumbList\",\"@id\":\"https:\\\/\\\/bazzing.it\\\/?p=17752#breadcrumb\",\"itemListElement\":[{\"@type\":\"ListItem\",\"position\":1,\"name\":\"Home\",\"item\":\"https:\\\/\\\/bazzing.it\\\/\"},{\"@type\":\"ListItem\",\"position\":2,\"name\":\"Filippo Turetta, la drammatica notizia sul fratello Andrea\"}]},{\"@type\":\"WebSite\",\"@id\":\"https:\\\/\\\/bazzing.it\\\/#website\",\"url\":\"https:\\\/\\\/bazzing.it\\\/\",\"name\":\"Bazzing\",\"description\":\"Divulga le tue news, comunicati stampa e informazioni\",\"publisher\":{\"@id\":\"https:\\\/\\\/bazzing.it\\\/#organization\"},\"potentialAction\":[{\"@type\":\"SearchAction\",\"target\":{\"@type\":\"EntryPoint\",\"urlTemplate\":\"https:\\\/\\\/bazzing.it\\\/?s={search_term_string}\"},\"query-input\":{\"@type\":\"PropertyValueSpecification\",\"valueRequired\":true,\"valueName\":\"search_term_string\"}}],\"inLanguage\":\"it-IT\"},{\"@type\":\"Organization\",\"@id\":\"https:\\\/\\\/bazzing.it\\\/#organization\",\"name\":\"Bazzing\",\"url\":\"https:\\\/\\\/bazzing.it\\\/\",\"logo\":{\"@type\":\"ImageObject\",\"inLanguage\":\"it-IT\",\"@id\":\"https:\\\/\\\/bazzing.it\\\/#\\\/schema\\\/logo\\\/image\\\/\",\"url\":\"https:\\\/\\\/bazzing.it\\\/wp-content\\\/uploads\\\/2019\\\/05\\\/logo_transparent.png\",\"contentUrl\":\"https:\\\/\\\/bazzing.it\\\/wp-content\\\/uploads\\\/2019\\\/05\\\/logo_transparent.png\",\"width\":1200,\"height\":1200,\"caption\":\"Bazzing\"},\"image\":{\"@id\":\"https:\\\/\\\/bazzing.it\\\/#\\\/schema\\\/logo\\\/image\\\/\"},\"sameAs\":[\"https:\\\/\\\/www.facebook.com\\\/Bazzing-2292086231012702\\\/\",\"https:\\\/\\\/www.instagram.com\\\/bazzing.it\\\/\"]},{\"@type\":\"Person\",\"@id\":\"https:\\\/\\\/bazzing.it\\\/#\\\/schema\\\/person\\\/6d4820d51e327fd66932d79d533510de\",\"name\":\"Simone\",\"image\":{\"@type\":\"ImageObject\",\"inLanguage\":\"it-IT\",\"@id\":\"https:\\\/\\\/secure.gravatar.com\\\/avatar\\\/732052504ad1fca89e63710f32a07986d0c361cea4d2c20386c7ab9cc1a0276e?s=96&d=mm&r=g\",\"url\":\"https:\\\/\\\/secure.gravatar.com\\\/avatar\\\/732052504ad1fca89e63710f32a07986d0c361cea4d2c20386c7ab9cc1a0276e?s=96&d=mm&r=g\",\"contentUrl\":\"https:\\\/\\\/secure.gravatar.com\\\/avatar\\\/732052504ad1fca89e63710f32a07986d0c361cea4d2c20386c7ab9cc1a0276e?s=96&d=mm&r=g\",\"caption\":\"Simone\"},\"url\":\"https:\\\/\\\/bazzing.it\\\/?author=62\"}]}<\/script>\n<!-- \/ Yoast SEO plugin. -->","yoast_head_json":{"title":"Filippo Turetta, la drammatica notizia sul fratello Andrea - Bazzing","description":"Ecco cosa \u00e8 successo in casa Turetta al momento della notizia dell'arresto di Filippo. Ci\u00f2 che ha fatto il fratello ha spiazzato tutti.","robots":{"index":"index","follow":"follow","max-snippet":"max-snippet:-1","max-image-preview":"max-image-preview:large","max-video-preview":"max-video-preview:-1"},"canonical":"https:\/\/bazzing.it\/?p=17752","og_locale":"it_IT","og_type":"article","og_title":"Filippo Turetta, la drammatica notizia sul fratello Andrea","og_description":"\"L'altro mio figlio...\". Filippo Turetta, il dramma del fratello Andrea, 18 anni appena: il pap\u00e0 Nicola ha...Altro...","og_url":"https:\/\/bazzing.it\/?p=17752","og_site_name":"Bazzing","article_publisher":"https:\/\/www.facebook.com\/Bazzing-2292086231012702\/","article_published_time":"2023-11-23T21:02:54+00:00","og_image":[{"width":1000,"height":1000,"url":"https:\/\/bazzing.it\/wp-content\/uploads\/2023\/11\/405085382_784274123745387_2225395487892393219_n.jpg","type":"image\/jpeg"}],"author":"Simone","twitter_card":"summary_large_image","twitter_misc":{"Scritto da":"Simone","Tempo di lettura stimato":"3 minuti"},"schema":{"@context":"https:\/\/schema.org","@graph":[{"@type":"Article","@id":"https:\/\/bazzing.it\/?p=17752#article","isPartOf":{"@id":"https:\/\/bazzing.it\/?p=17752"},"author":{"name":"Simone","@id":"https:\/\/bazzing.it\/#\/schema\/person\/6d4820d51e327fd66932d79d533510de"},"headline":"Filippo Turetta, la drammatica notizia sul fratello Andrea","datePublished":"2023-11-23T21:02:54+00:00","mainEntityOfPage":{"@id":"https:\/\/bazzing.it\/?p=17752"},"wordCount":330,"commentCount":0,"publisher":{"@id":"https:\/\/bazzing.it\/#organization"},"image":{"@id":"https:\/\/bazzing.it\/?p=17752#primaryimage"},"thumbnailUrl":"https:\/\/bazzing.it\/wp-content\/uploads\/2023\/11\/ersghty.jpg","articleSection":["Attualit\u00e0","Attualit\u00e0","Societ\u00e0"],"inLanguage":"it-IT","potentialAction":[{"@type":"CommentAction","name":"Comment","target":["https:\/\/bazzing.it\/?p=17752#respond"]}]},{"@type":"WebPage","@id":"https:\/\/bazzing.it\/?p=17752","url":"https:\/\/bazzing.it\/?p=17752","name":"Filippo Turetta, la drammatica notizia sul fratello Andrea - Bazzing","isPartOf":{"@id":"https:\/\/bazzing.it\/#website"},"primaryImageOfPage":{"@id":"https:\/\/bazzing.it\/?p=17752#primaryimage"},"image":{"@id":"https:\/\/bazzing.it\/?p=17752#primaryimage"},"thumbnailUrl":"https:\/\/bazzing.it\/wp-content\/uploads\/2023\/11\/ersghty.jpg","datePublished":"2023-11-23T21:02:54+00:00","description":"Ecco cosa \u00e8 successo in casa Turetta al momento della notizia dell'arresto di Filippo. Ci\u00f2 che ha fatto il fratello ha spiazzato tutti.","breadcrumb":{"@id":"https:\/\/bazzing.it\/?p=17752#breadcrumb"},"inLanguage":"it-IT","potentialAction":[{"@type":"ReadAction","target":["https:\/\/bazzing.it\/?p=17752"]}]},{"@type":"ImageObject","inLanguage":"it-IT","@id":"https:\/\/bazzing.it\/?p=17752#primaryimage","url":"https:\/\/bazzing.it\/wp-content\/uploads\/2023\/11\/ersghty.jpg","contentUrl":"https:\/\/bazzing.it\/wp-content\/uploads\/2023\/11\/ersghty.jpg","width":1280,"height":719},{"@type":"BreadcrumbList","@id":"https:\/\/bazzing.it\/?p=17752#breadcrumb","itemListElement":[{"@type":"ListItem","position":1,"name":"Home","item":"https:\/\/bazzing.it\/"},{"@type":"ListItem","position":2,"name":"Filippo Turetta, la drammatica notizia sul fratello Andrea"}]},{"@type":"WebSite","@id":"https:\/\/bazzing.it\/#website","url":"https:\/\/bazzing.it\/","name":"Bazzing","description":"Divulga le tue news, comunicati stampa e informazioni","publisher":{"@id":"https:\/\/bazzing.it\/#organization"},"potentialAction":[{"@type":"SearchAction","target":{"@type":"EntryPoint","urlTemplate":"https:\/\/bazzing.it\/?s={search_term_string}"},"query-input":{"@type":"PropertyValueSpecification","valueRequired":true,"valueName":"search_term_string"}}],"inLanguage":"it-IT"},{"@type":"Organization","@id":"https:\/\/bazzing.it\/#organization","name":"Bazzing","url":"https:\/\/bazzing.it\/","logo":{"@type":"ImageObject","inLanguage":"it-IT","@id":"https:\/\/bazzing.it\/#\/schema\/logo\/image\/","url":"https:\/\/bazzing.it\/wp-content\/uploads\/2019\/05\/logo_transparent.png","contentUrl":"https:\/\/bazzing.it\/wp-content\/uploads\/2019\/05\/logo_transparent.png","width":1200,"height":1200,"caption":"Bazzing"},"image":{"@id":"https:\/\/bazzing.it\/#\/schema\/logo\/image\/"},"sameAs":["https:\/\/www.facebook.com\/Bazzing-2292086231012702\/","https:\/\/www.instagram.com\/bazzing.it\/"]},{"@type":"Person","@id":"https:\/\/bazzing.it\/#\/schema\/person\/6d4820d51e327fd66932d79d533510de","name":"Simone","image":{"@type":"ImageObject","inLanguage":"it-IT","@id":"https:\/\/secure.gravatar.com\/avatar\/732052504ad1fca89e63710f32a07986d0c361cea4d2c20386c7ab9cc1a0276e?s=96&d=mm&r=g","url":"https:\/\/secure.gravatar.com\/avatar\/732052504ad1fca89e63710f32a07986d0c361cea4d2c20386c7ab9cc1a0276e?s=96&d=mm&r=g","contentUrl":"https:\/\/secure.gravatar.com\/avatar\/732052504ad1fca89e63710f32a07986d0c361cea4d2c20386c7ab9cc1a0276e?s=96&d=mm&r=g","caption":"Simone"},"url":"https:\/\/bazzing.it\/?author=62"}]}},"_links":{"self":[{"href":"https:\/\/bazzing.it\/index.php?rest_route=\/wp\/v2\/posts\/17752","targetHints":{"allow":["GET"]}}],"collection":[{"href":"https:\/\/bazzing.it\/index.php?rest_route=\/wp\/v2\/posts"}],"about":[{"href":"https:\/\/bazzing.it\/index.php?rest_route=\/wp\/v2\/types\/post"}],"author":[{"embeddable":true,"href":"https:\/\/bazzing.it\/index.php?rest_route=\/wp\/v2\/users\/62"}],"replies":[{"embeddable":true,"href":"https:\/\/bazzing.it\/index.php?rest_route=%2Fwp%2Fv2%2Fcomments&post=17752"}],"version-history":[{"count":1,"href":"https:\/\/bazzing.it\/index.php?rest_route=\/wp\/v2\/posts\/17752\/revisions"}],"predecessor-version":[{"id":17757,"href":"https:\/\/bazzing.it\/index.php?rest_route=\/wp\/v2\/posts\/17752\/revisions\/17757"}],"wp:featuredmedia":[{"embeddable":true,"href":"https:\/\/bazzing.it\/index.php?rest_route=\/wp\/v2\/media\/17754"}],"wp:attachment":[{"href":"https:\/\/bazzing.it\/index.php?rest_route=%2Fwp%2Fv2%2Fmedia&parent=17752"}],"wp:term":[{"taxonomy":"category","embeddable":true,"href":"https:\/\/bazzing.it\/index.php?rest_route=%2Fwp%2Fv2%2Fcategories&post=17752"},{"taxonomy":"post_tag","embeddable":true,"href":"https:\/\/bazzing.it\/index.php?rest_route=%2Fwp%2Fv2%2Ftags&post=17752"}],"curies":[{"name":"wp","href":"https:\/\/api.w.org\/{rel}","templated":true}]}}